{"id":1707,"date":"2009-04-18T23:53:44","date_gmt":"2009-04-18T21:53:44","guid":{"rendered":"http:\/\/cosmln.nature4stock.com\/?p=1707"},"modified":"2009-04-18T23:53:44","modified_gmt":"2009-04-18T21:53:44","slug":"27-29martie2009-franta-italia-franta-italia","status":"publish","type":"post","link":"https:\/\/cosmln.nature4stock.com\/?p=1707","title":{"rendered":"27-29.martie.2009 &#8211; Fran\u0163a > Italia > Fran\u0163a > Italia"},"content":{"rendered":"<p>Continu\u00e2nd de unde am l\u0103sat \u00een <a href=\"http:\/\/cosmln.nature4stock.com\/?p=1688\" target=\"_blank\">postarea trecut\u0103<\/a>&#8230; am plecat din zona Saint-Tropez cu destina\u0163ia Alpii Maritimi.<\/p>\n<div>\n<p>Pe drum ne-am oprit pentru scurt\u0103 vreme \u00een Masivul Esterel unde am putut fotografia c\u00e2\u0163iva fluturi: <em>Pararge aegeria<\/em> (subspecia nominal\u0103 &#8211; la noi se g\u0103se\u015fte subspecia <em>tircis<\/em> care este colorat\u0103 altfel), <em>Zerynthia rumina<\/em> (specie g\u0103sit\u0103 doar \u00een sud-vestul Europei), o specie de lev\u0103n\u0163ic\u0103 (<em>Lavandula stoechas<\/em>), ni\u015fte rate mari (<em>Anas platyrhynchos<\/em>) \u015fi o panoram\u0103 cu zona (\u00een dep\u0103rtare linia alb\u0103 este dat\u0103 de Alpii Maritimi acoperi\u0163i cu z\u0103pad\u0103&#8230; acolo o s\u0103 fim mai t\u00e2rziu).<\/div>\n<div style=\"text-align: center;\">\n<p><a href=\"http:\/\/cosmln.nature4stock.com\/wp-content\/uploads\/2009\/04\/pararge-aegeria-img_0181.jpg\"><img loading=\"lazy\" class=\"alignnone size-thumbnail wp-image-1714\" title=\"&lt;i&gt;Pararge aegeria&lt;\/i&gt;\" src=\"http:\/\/cosmln.nature4stock.com\/wp-content\/uploads\/2009\/04\/pararge-aegeria-img_0181-150x150.jpg\" alt=\"&lt;i&gt;Pararge aegeria&lt;\/i&gt;\" width=\"150\" height=\"150\" \/><\/a> <a href=\"http:\/\/cosmln.nature4stock.com\/wp-content\/uploads\/2009\/04\/zerynthia-rumina-img_0226.jpg\"><img loading=\"lazy\" class=\"alignnone size-thumbnail wp-image-1709\" title=\"&lt;i&gt;Zerynthia rumina&lt;\/i&gt;\" src=\"http:\/\/cosmln.nature4stock.com\/wp-content\/uploads\/2009\/04\/zerynthia-rumina-img_0226-150x150.jpg\" alt=\"&lt;i&gt;Zerynthia rumina&lt;\/i&gt;\" width=\"150\" height=\"150\" \/><\/a> <a href=\"http:\/\/cosmln.nature4stock.com\/wp-content\/uploads\/2009\/04\/lavandula-stoechas-img_0222.jpg\"><img loading=\"lazy\" class=\"alignnone size-thumbnail wp-image-1712\" title=\"&lt;i&gt;Lavandula stoechas&lt;\/i&gt;\" src=\"http:\/\/cosmln.nature4stock.com\/wp-content\/uploads\/2009\/04\/lavandula-stoechas-img_0222-150x150.jpg\" alt=\"&lt;i&gt;Lavandula stoechas&lt;\/i&gt;\" width=\"150\" height=\"150\" \/><\/a> <a href=\"http:\/\/cosmln.nature4stock.com\/wp-content\/uploads\/2009\/04\/anas-platyrhynchos-img_0279.jpg\"><img loading=\"lazy\" class=\"alignnone size-thumbnail wp-image-1710\" title=\"&lt;i&gt;Anas platyrhynchos&lt;\/i&gt;\" src=\"http:\/\/cosmln.nature4stock.com\/wp-content\/uploads\/2009\/04\/anas-platyrhynchos-img_0279-150x150.jpg\" alt=\"&lt;i&gt;Anas platyrhynchos&lt;\/i&gt;\" width=\"150\" height=\"150\" \/><\/a> <a href=\"http:\/\/cosmln.nature4stock.com\/wp-content\/uploads\/2009\/04\/anas-platyrhynchos-img_0321.jpg\"><img loading=\"lazy\" class=\"alignnone size-thumbnail wp-image-1711\" title=\"&lt;i&gt;Anas platyrhynchos&lt;\/i&gt;\" src=\"http:\/\/cosmln.nature4stock.com\/wp-content\/uploads\/2009\/04\/anas-platyrhynchos-img_0321-150x150.jpg\" alt=\"&lt;i&gt;Anas platyrhynchos&lt;\/i&gt;\" width=\"150\" height=\"150\" \/><\/a><a href=\"http:\/\/cosmln.nature4stock.com\/wp-content\/uploads\/2009\/04\/mt-esterel-small.jpg\"><img loading=\"lazy\" class=\"alignnone size-thumbnail wp-image-1713\" title=\"Massif Esterel\" src=\"http:\/\/cosmln.nature4stock.com\/wp-content\/uploads\/2009\/04\/mt-esterel-small-150x150.jpg\" alt=\"Massif Esterel\" width=\"150\" height=\"150\" \/><\/a><\/div>\n<div>\n<p>Dup\u0103mas\u0103 am ajuns \u00een Alpii Maritimi, la marginea <a href=\"http:\/\/www.mercantour.eu\/\" target=\"_blank\">Parcului Na\u0163ional Mercantur<\/a>,\u00a0 \u00een zona localit\u0103\u0163ii Saint-Dalmas-de-Tende unde ni se sugerase (de c\u0103tre Richard Zink) c\u0103 ar fi o zon\u0103 cu \u015fanse de a vedea z\u0103ganul (<em>Gypaetus barbatus<\/em>), de\u015fi ne-am &#8220;binoclat &#8221; pe respectiva vale pentru c\u00e2teva ore nu am avut succes singura observa\u0163ie mai interesant\u0103 fiind un exemplar adult de acvil\u0103 de munte (<em>Aquila chrysaetos<\/em>). Dup\u0103, am plecat s\u0103 travers\u0103m muntele (este un tunel), a\u015fa c\u0103 am ajuns \u00een partea italian\u0103 a Alpilor Maritimi unde am decis s\u0103 onorez invita\u0163ia celor de <a href=\"http:\/\/www.parks.it\/parco.alpi.marittime\/Eindex.html\" target=\"_blank\">Parcul Natural Alpii Maritimi<\/a> de a dormi la sediul lor din Terme di Valdieri&#8230; am avut surpriza s\u0103 g\u0103sim drumul blocat de o avalan\u015f\u0103&#8230; acolo am \u015fi dormit&#8230; cu z\u0103p\u0103da de aproape un metru l\u00e2mg\u0103 noi.<\/div>\n<div>\n<p>Diminea\u0163\u0103 vremea se strica, cea\u0163\u0103 \u015fi ploaie, astfel c\u0103 am zis c\u0103 poate este mai bine s\u0103 \u00eencerc\u0103m din nou pe partea francez\u0103 a muntelui a\u015fa c\u0103 \u00eenapoi \u00een Fran\u0163a. Aceea\u015fi vreme ur\u00e2t\u0103, ne-am mai oprit un pic \u00een Tende unde Gabriela \u00eencerc\u00e2nd s\u0103 fac\u0103 c\u00e2teva fotografii s-a udat p\u00e2n\u0103 la piele&#8230; poate pune c\u00e2teva fotografii f\u0103cute acolo pe blogul ei\u00a0\u00a0 ;).<\/p><\/div>\n<div>\n<p>Mai departe pe valea r\u00e2ului Roya ne-am oprit l\u00e2ng\u0103 localitatea Saorge unde printre pic\u0103turi am mai f\u0103cut c\u00e2teva fotografii&#8230; la c\u00e2teva plante: <em>Daphne laureola<\/em>, <em>Helleborus foetidus<\/em> \u015fi <em>Hepatica nobilis<\/em> (de\u015fi este o specie comun\u0103 \u015fi la noi plantele de acolo ar\u0103tau mai diferit din cauza frunzelor p\u0103tate).<\/div>\n<div style=\"text-align: center;\">\n<p><a href=\"http:\/\/cosmln.nature4stock.com\/wp-content\/uploads\/2009\/04\/daphne-laureola-img_0374.jpg\"><img loading=\"lazy\" class=\"alignnone size-thumbnail wp-image-1716\" title=\"&lt;i&gt;Daphne laureola&lt;\/i&gt;\" src=\"http:\/\/cosmln.nature4stock.com\/wp-content\/uploads\/2009\/04\/daphne-laureola-img_0374-150x150.jpg\" alt=\"&lt;i&gt;Daphne laureola&lt;\/i&gt;\" width=\"150\" height=\"150\" \/><\/a> <a href=\"http:\/\/cosmln.nature4stock.com\/wp-content\/uploads\/2009\/04\/helleborus-foetidus-img_0385.jpg\"><img loading=\"lazy\" class=\"alignnone size-thumbnail wp-image-1717\" title=\"&lt;i&gt;Helleborus foetidus&lt;\/i&gt;\" src=\"http:\/\/cosmln.nature4stock.com\/wp-content\/uploads\/2009\/04\/helleborus-foetidus-img_0385-150x150.jpg\" alt=\"&lt;i&gt;Helleborus foetidus&lt;\/i&gt;\" width=\"150\" height=\"150\" \/><\/a> <a href=\"http:\/\/cosmln.nature4stock.com\/wp-content\/uploads\/2009\/04\/hepatica-nobilis-img_0382.jpg\"><img loading=\"lazy\" class=\"alignnone size-thumbnail wp-image-1715\" title=\"&lt;i&gt;Hepatica nobilis&lt;\/i&gt;\" src=\"http:\/\/cosmln.nature4stock.com\/wp-content\/uploads\/2009\/04\/hepatica-nobilis-img_0382-150x150.jpg\" alt=\"&lt;i&gt;Hepatica nobilis&lt;\/i&gt;\" width=\"150\" height=\"150\" \/><\/a><\/div>\n<div>\n<p>Am plecat mai departe spre Italia unde am mai f\u0103cut o oprire l\u00e2ng\u0103 Camporosso, tot printre pic\u0103turi de ploaie am reusit s\u0103 trag \u00een foto c\u00e2teva orhidee (nu sunt sigur de determinarea acestora): <em>Ophrys fusca<\/em>, <em>Ophrys araneola<\/em> \u015fi <em>Orchis olbiensis<\/em>.<\/div>\n<div style=\"text-align: center;\">\n<p><a href=\"http:\/\/cosmln.nature4stock.com\/wp-content\/uploads\/2009\/04\/ophrys-fusca-img_0390.jpg\"><img loading=\"lazy\" class=\"alignnone size-thumbnail wp-image-1719\" title=\"&lt;i&gt;Ophrys fusca&lt;\/i&gt;\" src=\"http:\/\/cosmln.nature4stock.com\/wp-content\/uploads\/2009\/04\/ophrys-fusca-img_0390-150x150.jpg\" alt=\"&lt;i&gt;Ophrys fusca&lt;\/i&gt;\" width=\"150\" height=\"150\" \/><\/a> <a href=\"http:\/\/cosmln.nature4stock.com\/wp-content\/uploads\/2009\/04\/ophrys-araneola-img_0405.jpg\"><img loading=\"lazy\" class=\"alignnone size-thumbnail wp-image-1718\" title=\"&lt;i&gt;Ophrys araneola&lt;\/i&gt;\" src=\"http:\/\/cosmln.nature4stock.com\/wp-content\/uploads\/2009\/04\/ophrys-araneola-img_0405-150x150.jpg\" alt=\"&lt;i&gt;Ophrys araneola&lt;\/i&gt;\" width=\"150\" height=\"150\" \/><\/a> <a href=\"http:\/\/cosmln.nature4stock.com\/wp-content\/uploads\/2009\/04\/orchis-olbiensis-img_0411.jpg\"><img loading=\"lazy\" class=\"alignnone size-thumbnail wp-image-1720\" title=\"&lt;i&gt;Orchis olbiensis&lt;\/i&gt;\" src=\"http:\/\/cosmln.nature4stock.com\/wp-content\/uploads\/2009\/04\/orchis-olbiensis-img_0411-150x150.jpg\" alt=\"&lt;i&gt;Orchis olbiensis&lt;\/i&gt;\" width=\"150\" height=\"150\" \/><\/a><\/div>\n<div>\n<p>Somn de voie \u00eentr-o p\u0103dure de castan bun (Castanea sativa) nu foarte departe de Genova, unde a plouat toat\u0103 noaptea.<\/p><\/div>\n<!-- AddThis Advanced Settings generic via filter on the_content --><!-- AddThis Share Buttons generic via filter on the_content -->","protected":false},"excerpt":{"rendered":"<p>Continu\u00e2nd de unde am l\u0103sat \u00een postarea trecut\u0103&#8230; am plecat din zona Saint-Tropez cu destina\u0163ia Alpii Maritimi. Pe drum ne-am oprit pentru scurt\u0103 vreme \u00een Masivul Esterel unde am putut fotografia c\u00e2\u0163iva fluturi: Pararge aegeria (subspecia nominal\u0103 &#8211; la noi se g\u0103se\u015fte subspecia tircis care este colorat\u0103 altfel), Zerynthia rumina (specie g\u0103sit\u0103 doar \u00een sud-vestul [&hellip;]<!-- AddThis Advanced Settings generic via filter on get_the_excerpt --><!-- AddThis Share Buttons generic via filter on get_the_excerpt --><\/p>\n","protected":false},"author":2277,"featured_media":0,"comment_status":"open","ping_status":"open","sticky":false,"template":"","format":"standard","meta":[],"categories":[891,934,1037,906],"tags":[1639,1046,1044,1047,1608,1605,97,297,1048,296,1643,1018,1049,1050,1646,71,1040,1612,1042,907,1642,1043,1052,1051,1637,1053,767,1038,96,1602,168,1611,62,1041,650,1039],"_links":{"self":[{"href":"https:\/\/cosmln.nature4stock.com\/index.php?rest_route=\/wp\/v2\/posts\/1707"}],"collection":[{"href":"https:\/\/cosmln.nature4stock.com\/index.php?rest_route=\/wp\/v2\/posts"}],"about":[{"href":"https:\/\/cosmln.nature4stock.com\/index.php?rest_route=\/wp\/v2\/types\/post"}],"author":[{"embeddable":true,"href":"https:\/\/cosmln.nature4stock.com\/index.php?rest_route=\/wp\/v2\/users\/2277"}],"replies":[{"embeddable":true,"href":"https:\/\/cosmln.nature4stock.com\/index.php?rest_route=%2Fwp%2Fv2%2Fcomments&post=1707"}],"version-history":[{"count":9,"href":"https:\/\/cosmln.nature4stock.com\/index.php?rest_route=\/wp\/v2\/posts\/1707\/revisions"}],"predecessor-version":[{"id":1728,"href":"https:\/\/cosmln.nature4stock.com\/index.php?rest_route=\/wp\/v2\/posts\/1707\/revisions\/1728"}],"wp:attachment":[{"href":"https:\/\/cosmln.nature4stock.com\/index.php?rest_route=%2Fwp%2Fv2%2Fmedia&parent=1707"}],"wp:term":[{"taxonomy":"category","embeddable":true,"href":"https:\/\/cosmln.nature4stock.com\/index.php?rest_route=%2Fwp%2Fv2%2Fcategories&post=1707"},{"taxonomy":"post_tag","embeddable":true,"href":"https:\/\/cosmln.nature4stock.com\/index.php?rest_route=%2Fwp%2Fv2%2Ftags&post=1707"}],"curies":[{"name":"wp","href":"https:\/\/api.w.org\/{rel}","templated":true}]}}