{"id":1769,"date":"2009-04-28T17:44:54","date_gmt":"2009-04-28T15:44:54","guid":{"rendered":"http:\/\/cosmln.nature4stock.com\/?p=1769"},"modified":"2010-10-30T01:58:56","modified_gmt":"2010-10-29T23:58:56","slug":"1-3aprilie2009-tot-prin-italia","status":"publish","type":"post","link":"https:\/\/cosmln.nature4stock.com\/?p=1769","title":{"rendered":"1-3.aprilie.2009 &#8211; tot prin Italia"},"content":{"rendered":"<p>\u00cen diminea\u0163a de 1 aprilie ne-am dat de\u015fteptarea (\u015fi nu este o p\u0103c\u0103leal\u0103) \u015fi am plecat spre sud&#8230; prima destina\u0163ie <a href=\"http:\/\/www.parks.it\/parco.nazionale.vesuvio\/Eindex.html\" target=\"_blank\">Parcul Na\u0163ional Vezuviu<\/a>. \u015ei o mare dezam\u0103gire&#8230; am f\u0103cut cuno\u015ftiin\u0163\u0103 cu gardurile din parcurile na\u0163ionale, cu &#8220;divieto din accesso&#8221;&#8230; am ajuns sus ca s\u0103 urc\u0103m la conul vulcanic&#8230; s\u0103 opre\u015fti in parcare a fost parc\u0103 3 \u20ac (ceva de genu)&#8230; merg sa iau bilet (doar a\u015fa se poate intra) 10 \u20ac, dar numai cu ghid&#8230; adic\u0103 pl\u0103tesc 10 \u20ac ca s\u0103 urc \u00een goan\u0103 \u015fi s\u0103 \u00een\u0163eleg nimic&#8230; am plecat. Pe drum la vale ne-am oprit pe marginea drumului unde am fotografiat o orhidee nou\u0103 pentru mine <em>Orchis papilionacea<\/em> (foarte frecvent\u0103 \u015fi \u00een numeroase forme).<\/p>\n<p style=\"text-align: center;\"><a href=\"http:\/\/cosmln.nature4stock.com\/wp-content\/uploads\/2009\/04\/orchis-papilionacea-img_0546.jpg\"><img loading=\"lazy\" class=\"alignnone size-thumbnail wp-image-1770\" title=\"&lt;i&gt;Orchis papilionacea&lt;\/i&gt;\" src=\"http:\/\/cosmln.nature4stock.com\/wp-content\/uploads\/2009\/04\/orchis-papilionacea-img_0546-150x150.jpg\" alt=\"&lt;i&gt;Orchis papilionacea&lt;\/i&gt;\" width=\"150\" height=\"150\" \/><\/a> <a href=\"http:\/\/cosmln.nature4stock.com\/wp-content\/uploads\/2009\/04\/orchis-papilionacea-img_0556.jpg\"><img loading=\"lazy\" class=\"alignnone size-thumbnail wp-image-1772\" title=\"&lt;i&gt;Orchis papilionacea&lt;\/i&gt;\" src=\"http:\/\/cosmln.nature4stock.com\/wp-content\/uploads\/2009\/04\/orchis-papilionacea-img_0556-150x150.jpg\" alt=\"&lt;i&gt;Orchis papilionacea&lt;\/i&gt;\" width=\"150\" height=\"150\" \/><\/a> <a href=\"http:\/\/cosmln.nature4stock.com\/wp-content\/uploads\/2009\/04\/orchis-papilionacea-img_0553.jpg\"><img loading=\"lazy\" class=\"alignnone size-thumbnail wp-image-1771\" title=\"&lt;i&gt;Orchis papilionacea&lt;\/i&gt;\" src=\"http:\/\/cosmln.nature4stock.com\/wp-content\/uploads\/2009\/04\/orchis-papilionacea-img_0553-150x150.jpg\" alt=\"&lt;i&gt;Orchis papilionacea&lt;\/i&gt;\" width=\"150\" height=\"150\" \/><\/a><\/p>\n<p>Cum spuneam am plecat mai departe spre sud spre regiunea Apulia&#8230; c\u0103lc\u00e2iul cizmei italiene&#8230; de fapt cam asta am f\u0103cut toat\u0103 ziua&#8230; \u00een ma\u015fin\u0103 (mai ales c\u0103 nici vremea nu a fost \u00een regul\u0103). Am dormit la marginea unei livezi (sper ca e corect spus a\u015fa) de m\u0103slini.<\/p>\n<p>Diminea\u0163\u0103 am plecat mai departe in direc\u0163ia or\u0103\u015felului <strong>Alberobello<\/strong> (aici \u00eenc\u0103 se mai p\u0103streaz\u0103 ceva din tradi\u0163iile locului&#8230; chiar daca numai pentru turi\u015fti) unde am avut nepl\u0103cuta surpriz\u0103 sa-mi moar\u0103 aparatul de fotografiat (a repornit p\u00e2n\u0103 la urm\u0103) a\u015fa c\u0103 eu nu am f\u0103cut nici o fotografie&#8230; c\u00e2teva fotografii f\u0103cute de Gabriela.<\/p>\n<p style=\"text-align: center;\"><a href=\"http:\/\/cosmln.nature4stock.com\/wp-content\/uploads\/2009\/04\/img_0583-edit.jpg\"><img loading=\"lazy\" class=\"alignnone size-thumbnail wp-image-1775\" title=\"Trulli\" src=\"http:\/\/cosmln.nature4stock.com\/wp-content\/uploads\/2009\/04\/img_0583-edit-150x150.jpg\" alt=\"Trulli\" width=\"150\" height=\"150\" \/><\/a> <a href=\"http:\/\/cosmln.nature4stock.com\/wp-content\/uploads\/2009\/04\/img_0595-edit.jpg\"><img loading=\"lazy\" class=\"alignnone size-thumbnail wp-image-1776\" title=\"Trulli\" src=\"http:\/\/cosmln.nature4stock.com\/wp-content\/uploads\/2009\/04\/img_0595-edit-150x150.jpg\" alt=\"Trulli\" width=\"150\" height=\"150\" \/><\/a> <a href=\"http:\/\/cosmln.nature4stock.com\/wp-content\/uploads\/2009\/04\/img_0607-edit.jpg\"><img loading=\"lazy\" class=\"alignnone size-thumbnail wp-image-1777\" title=\"Trulli\" src=\"http:\/\/cosmln.nature4stock.com\/wp-content\/uploads\/2009\/04\/img_0607-edit-150x150.jpg\" alt=\"Trulli\" width=\"150\" height=\"150\" \/><\/a><\/p>\n<p>Mai departe mai mult sau mai pu\u0163in spre nord cu destina\u0163ia final\u0103 <a href=\"http:\/\/www.parks.it\/parco.nazionale.gargano\/Eindex.html\" target=\"_blank\">Parcul Na\u0163ional Gargano<\/a> (un mic pinten \u00een cizma italian\u0103), pe drum ne-am oprit \u00een mai multe locuri pe marginea \u015foselei unde am mai putut face c\u00e2teva fotografii: <em>Anemone hortensis<\/em>, <em>Falco naumanni<\/em>, <em>Ophrys <\/em>sp., <em>Orchis collina<\/em>, <em>Romulea bulbocodium<\/em>,\u00a0 <em>Ophrys sicula<\/em>, <em>Ophrys <span style=\"text-decoration: line-through;\">sp.<\/span> incubacea<\/em> (ID: <a class=\"url\" rel=\"external nofollow\" href=\"http:\/\/www.bpo-natura.de\/\">Peter<\/a>), <em>Ophrys <\/em>sp., <em>Ophrys <\/em>sp., <em>Usia <\/em>sp., peisaj cu copac singuratic, <em>Tulipa sylvestris<\/em>, <em>Iris tuberosa<\/em>.<\/p>\n<p style=\"text-align: center;\"><a href=\"http:\/\/cosmln.nature4stock.com\/wp-content\/uploads\/2009\/04\/anemone-hortensis-img_0650.jpg\"><img loading=\"lazy\" class=\"alignnone size-thumbnail wp-image-1779\" title=\"&lt;i&gt;Anemone hortensis&lt;\/i&gt;\" src=\"http:\/\/cosmln.nature4stock.com\/wp-content\/uploads\/2009\/04\/anemone-hortensis-img_0650-150x150.jpg\" alt=\"&lt;i&gt;Anemone hortensis&lt;\/i&gt;\" width=\"150\" height=\"150\" \/><\/a> <a href=\"http:\/\/cosmln.nature4stock.com\/wp-content\/uploads\/2009\/04\/falco-naumanni-img_0627.jpg\"><img loading=\"lazy\" class=\"alignnone size-thumbnail wp-image-1780\" title=\"&lt;i&gt;Falco naumanni&lt;\/i&gt;, male\" src=\"http:\/\/cosmln.nature4stock.com\/wp-content\/uploads\/2009\/04\/falco-naumanni-img_0627-150x150.jpg\" alt=\"&lt;i&gt;Falco naumanni&lt;\/i&gt;, male\" width=\"150\" height=\"150\" \/><\/a> <a href=\"http:\/\/cosmln.nature4stock.com\/wp-content\/uploads\/2009\/04\/falco-naumanni-img_0641.jpg\"><img loading=\"lazy\" class=\"alignnone size-thumbnail wp-image-1781\" title=\"&lt;i&gt;Falco naumanni&lt;\/i&gt;, female\" src=\"http:\/\/cosmln.nature4stock.com\/wp-content\/uploads\/2009\/04\/falco-naumanni-img_0641-150x150.jpg\" alt=\"&lt;i&gt;Falco naumanni&lt;\/i&gt;, female\" width=\"150\" height=\"150\" \/><\/a> <a href=\"http:\/\/cosmln.nature4stock.com\/wp-content\/uploads\/2009\/04\/ophrys-img_0589.jpg\"><img loading=\"lazy\" class=\"alignnone size-thumbnail wp-image-1782\" title=\"&lt;i&gt;Ophrys&lt;\/i&gt; sp.\" src=\"http:\/\/cosmln.nature4stock.com\/wp-content\/uploads\/2009\/04\/ophrys-img_0589-150x150.jpg\" alt=\"&lt;i&gt;Ophrys&lt;\/i&gt; sp.\" width=\"150\" height=\"150\" \/><\/a> <a href=\"http:\/\/cosmln.nature4stock.com\/wp-content\/uploads\/2009\/04\/orchis-collina-img_0596.jpg\"><img loading=\"lazy\" class=\"alignnone size-thumbnail wp-image-1786\" title=\"&lt;i&gt;Orchis collina&lt;\/i&gt;\" src=\"http:\/\/cosmln.nature4stock.com\/wp-content\/uploads\/2009\/04\/orchis-collina-img_0596-150x150.jpg\" alt=\"&lt;i&gt;Orchis collina&lt;\/i&gt;\" width=\"150\" height=\"150\" \/><\/a> <a href=\"http:\/\/cosmln.nature4stock.com\/wp-content\/uploads\/2009\/04\/romulea-bulbocodium-img_0606.jpg\"><img loading=\"lazy\" class=\"alignnone size-thumbnail wp-image-1787\" title=\"&lt;i&gt;Romulea bulbocodium&lt;\/i&gt;\" src=\"http:\/\/cosmln.nature4stock.com\/wp-content\/uploads\/2009\/04\/romulea-bulbocodium-img_0606-150x150.jpg\" alt=\"&lt;i&gt;Romulea bulbocodium&lt;\/i&gt;\" width=\"150\" height=\"150\" \/><\/a> <a href=\"http:\/\/cosmln.nature4stock.com\/wp-content\/uploads\/2009\/04\/ophrys-sicula-img_0645.jpg\"><img loading=\"lazy\" class=\"alignnone size-thumbnail wp-image-1785\" title=\"&lt;i&gt;Ophrys sicula&lt;\/i&gt;\" src=\"http:\/\/cosmln.nature4stock.com\/wp-content\/uploads\/2009\/04\/ophrys-sicula-img_0645-150x150.jpg\" alt=\"&lt;i&gt;Ophrys sicula&lt;\/i&gt;\" width=\"150\" height=\"150\" \/><\/a> <a href=\"http:\/\/cosmln.nature4stock.com\/wp-content\/uploads\/2009\/04\/ophrys-img_0599.jpg\"><img loading=\"lazy\" class=\"alignnone size-thumbnail wp-image-1788\" title=\"&lt;i&gt;Ophrys&lt;\/i&gt; sp.\" src=\"http:\/\/cosmln.nature4stock.com\/wp-content\/uploads\/2009\/04\/ophrys-img_0599-150x150.jpg\" alt=\"&lt;i&gt;Ophrys&lt;\/i&gt; sp.\" width=\"150\" height=\"150\" \/><\/a> <a href=\"http:\/\/cosmln.nature4stock.com\/wp-content\/uploads\/2009\/04\/ophrys-img_0620.jpg\"><img loading=\"lazy\" class=\"alignnone size-thumbnail wp-image-1784\" title=\"&lt;i&gt;Ophrys&lt;\/i&gt; sp.\" src=\"http:\/\/cosmln.nature4stock.com\/wp-content\/uploads\/2009\/04\/ophrys-img_0620-150x150.jpg\" alt=\"&lt;i&gt;Ophrys&lt;\/i&gt; sp.\" width=\"150\" height=\"150\" \/><\/a> <a href=\"http:\/\/cosmln.nature4stock.com\/wp-content\/uploads\/2009\/04\/ophrys-img_0617.jpg\"><img loading=\"lazy\" class=\"alignnone size-thumbnail wp-image-1783\" title=\"&lt;i&gt;Ophrys&lt;\/i&gt; sp.\" src=\"http:\/\/cosmln.nature4stock.com\/wp-content\/uploads\/2009\/04\/ophrys-img_0617-150x150.jpg\" alt=\"&lt;i&gt;Ophrys&lt;\/i&gt; sp.\" width=\"150\" height=\"150\" \/><\/a> <a href=\"http:\/\/cosmln.nature4stock.com\/wp-content\/uploads\/2009\/04\/usia-img_0640.jpg\"><img loading=\"lazy\" class=\"alignnone size-thumbnail wp-image-1778\" title=\"&lt;i&gt;Usia&lt;\/i&gt; sp.\" src=\"http:\/\/cosmln.nature4stock.com\/wp-content\/uploads\/2009\/04\/usia-img_0640-150x150.jpg\" alt=\"&lt;i&gt;Usia&lt;\/i&gt; sp.\" width=\"150\" height=\"150\" \/><\/a> <a href=\"http:\/\/cosmln.nature4stock.com\/wp-content\/uploads\/2009\/04\/lonely-img_0672.jpg\"><img loading=\"lazy\" class=\"alignnone size-thumbnail wp-image-1795\" title=\"lonely\" src=\"http:\/\/cosmln.nature4stock.com\/wp-content\/uploads\/2009\/04\/lonely-img_0672-150x150.jpg\" alt=\"lonely\" width=\"150\" height=\"150\" \/><\/a> <a href=\"http:\/\/cosmln.nature4stock.com\/wp-content\/uploads\/2009\/04\/tulipa-sylvestris-australis-img_0665.jpg\"><img loading=\"lazy\" class=\"alignnone size-thumbnail wp-image-1793\" title=\"&lt;i&gt;Tulipa sylvestris australis&lt;\/i&gt;\" src=\"http:\/\/cosmln.nature4stock.com\/wp-content\/uploads\/2009\/04\/tulipa-sylvestris-australis-img_0665-150x150.jpg\" alt=\"&lt;i&gt;Tulipa sylvestris australis&lt;\/i&gt;\" width=\"150\" height=\"150\" \/><\/a> <a href=\"http:\/\/cosmln.nature4stock.com\/wp-content\/uploads\/2009\/04\/tulipa-sylvestris-australis-img_0669.jpg\"><img loading=\"lazy\" class=\"alignnone size-thumbnail wp-image-1794\" title=\"&lt;i&gt;Tulipa sylvestris australis&lt;\/i&gt;\" src=\"http:\/\/cosmln.nature4stock.com\/wp-content\/uploads\/2009\/04\/tulipa-sylvestris-australis-img_0669-150x150.jpg\" alt=\"&lt;i&gt;Tulipa sylvestris australis&lt;\/i&gt;\" width=\"150\" height=\"150\" \/><\/a> <a href=\"http:\/\/cosmln.nature4stock.com\/wp-content\/uploads\/2009\/04\/tulipa-sylvestris-australis-img_0672.jpg\"><img loading=\"lazy\" class=\"alignnone size-thumbnail wp-image-1790\" title=\"&lt;i&gt;Tulipa sylvestris australis&lt;\/i&gt;\" src=\"http:\/\/cosmln.nature4stock.com\/wp-content\/uploads\/2009\/04\/tulipa-sylvestris-australis-img_0672-150x150.jpg\" alt=\"&lt;i&gt;Tulipa sylvestris australis&lt;\/i&gt;\" width=\"150\" height=\"150\" \/><\/a> <a href=\"http:\/\/cosmln.nature4stock.com\/wp-content\/uploads\/2009\/04\/iris-tuberosa-img_0658.jpg\"><img loading=\"lazy\" class=\"alignnone size-thumbnail wp-image-1791\" title=\"&lt;I&gt;Iris tuberosa&lt;\/i&gt;\" src=\"http:\/\/cosmln.nature4stock.com\/wp-content\/uploads\/2009\/04\/iris-tuberosa-img_0658-150x150.jpg\" alt=\"&lt;I&gt;Iris tuberosa&lt;\/i&gt;\" width=\"150\" height=\"150\" \/><\/a> <a href=\"http:\/\/cosmln.nature4stock.com\/wp-content\/uploads\/2009\/04\/iris-tuberosa-img_0660.jpg\"><img loading=\"lazy\" class=\"alignnone size-thumbnail wp-image-1792\" title=\"&lt;I&gt;Iris tuberosa&lt;\/i&gt;\" src=\"http:\/\/cosmln.nature4stock.com\/wp-content\/uploads\/2009\/04\/iris-tuberosa-img_0660-150x150.jpg\" alt=\"&lt;I&gt;Iris tuberosa&lt;\/i&gt;\" width=\"150\" height=\"150\" \/><\/a><a href=\"http:\/\/cosmln.nature4stock.com\/wp-content\/uploads\/2009\/04\/usia-img_0640.jpg\"><br \/>\n<\/a><\/p>\n<p>Spre sear\u0103 ne-am apropiat de coasta de est a Italiei&#8230; ne g\u00e2ndeam s\u0103 ajungem la mare, dar&#8230; poti face asta doar dac\u0103 e\u015fti proprietar de teren acolo \u015fi cultivi ceapa&#8230; peste tot acolo numai culturi de ceapa \ud83d\ude42 \u015fi nu era s\u0103 ne b\u0103g\u0103m prin ceapa omului. Pe plaj\u0103 un mascul din omniprezenta specie <em>Podarcis sicula<\/em>, o alt\u0103 \u015fop\u00e2rla de care nu \u015ftiu ce sa spun sigur \u015fi o adun\u0103tur\u0103 de pesc\u0103ru\u015fi.<\/p>\n<p style=\"text-align: center;\"><a href=\"http:\/\/cosmln.nature4stock.com\/wp-content\/uploads\/2009\/04\/podarcis-sicula-img_0678.jpg\"><img loading=\"lazy\" class=\"alignnone size-thumbnail wp-image-1799\" title=\"&lt;i&gt;Podarcis sicula&lt;\/i&gt;\" src=\"http:\/\/cosmln.nature4stock.com\/wp-content\/uploads\/2009\/04\/podarcis-sicula-img_0678-150x150.jpg\" alt=\"&lt;i&gt;Podarcis sicula&lt;\/i&gt;\" width=\"150\" height=\"150\" \/><\/a> <a href=\"http:\/\/cosmln.nature4stock.com\/wp-content\/uploads\/2009\/04\/undetimg_0680.jpg\"><img loading=\"lazy\" class=\"alignnone size-thumbnail wp-image-1800\" title=\"undetermined\" src=\"http:\/\/cosmln.nature4stock.com\/wp-content\/uploads\/2009\/04\/undetimg_0680-150x150.jpg\" alt=\"undetermined\" width=\"150\" height=\"150\" \/><\/a> <a href=\"http:\/\/cosmln.nature4stock.com\/wp-content\/uploads\/2009\/04\/larus-img_0685.jpg\"><img loading=\"lazy\" class=\"alignnone size-thumbnail wp-image-1798\" title=\"gulls\" src=\"http:\/\/cosmln.nature4stock.com\/wp-content\/uploads\/2009\/04\/larus-img_0685-150x150.jpg\" alt=\"gulls\" width=\"150\" height=\"150\" \/><\/a><\/p>\n<p>Seara am dormit sus pe un promotoriu (cam prin <a href=\"http:\/\/www.parks.it\/parco.nazionale.gargano\/Eindex.html\" target=\"_blank\">Parcul Na\u0163ional Gargano<\/a>)&#8230; am zis s\u0103 vedem r\u0103s\u0103ritul&#8230; cam dormeam c\u00e2nd r\u0103s\u0103rea soarele \ud83d\ude09 .<\/p>\n<p>Diminea\u0163\u0103 am plecat spre Vieste, unde am g\u0103sit un centru de informare turistic\u0103 deschis \u015fi am colectat ceva materiale despre zona \u015fi mai ales despre parc. Ne-am oprit la o plaj\u0103 unde era plin de cochilii de la melci (Murex \u015fi altele&#8230; poate odata imi fac de lucru si fac niste fotografii la ce am colectat). Dup\u0103 studiul h\u0103r\u0163ii am decis s\u0103 facem un traseu scurt din parc care se sf\u00e2r\u015fea la plaja Vignanotica. Mare lucru nu am fotografiat pe acel traseu care m-a dezam\u0103git foarte mult, efectiv am mers pentru circa 3 km (dus) pe o potec\u0103 de maxim 2 m l\u0103\u0163ime \u00eentre dou\u0103 garduri cu s\u00e2rm\u0103 ghimpat\u0103&#8230; proprietate privat\u0103&#8230; &#8220;divieto di accesso&#8221;&#8230; s\u0103-l mai vad eu pe \u0103la care se pl\u00e2nge c\u00e2 \u00een Rom\u00e2nia sunt to felul de \u00eengr\u0103diri&#8230; s\u0103 mearg\u0103 \u00een Italia, acolo s\u0103 vad\u0103 limit\u0103ri. Deci c\u00e2teva din fotografiile f\u0103cute \u00een zona parcului (aproximativ \u00een ordinea \u00een care au fost f\u0103cute): <em>Ophrys araneola<\/em>, <em>Oxalis pes-caprae<\/em>, <em>Rosmarinus officinalis<\/em>, <em>Teucrium fruticans<\/em>, <em>Orchis italica<\/em>, <em>Reseda alba<\/em>, <em>Oxythyrea funesta<\/em>, <em>Ophrys<\/em> sp. form\u0103 teratologic\u0103, <em>Olea europaea<\/em>, <em>Ophrys arachnitiformis<\/em> \u015fi plaja Vignanotica.<\/p>\n<p style=\"text-align: center;\"><a href=\"http:\/\/cosmln.nature4stock.com\/wp-content\/uploads\/2009\/04\/ophrys-araneola-img_0704.jpg\"><img loading=\"lazy\" class=\"alignnone size-thumbnail wp-image-1802\" title=\"&lt;i&gt;Ophrys araneola&lt;\/i&gt;\" src=\"http:\/\/cosmln.nature4stock.com\/wp-content\/uploads\/2009\/04\/ophrys-araneola-img_0704-150x150.jpg\" alt=\"&lt;i&gt;Ophrys araneola&lt;\/i&gt;\" width=\"150\" height=\"150\" \/><\/a> <a href=\"http:\/\/cosmln.nature4stock.com\/wp-content\/uploads\/2009\/04\/oxalis-pes-caprae-img_0707.jpg\"><img loading=\"lazy\" class=\"alignnone size-thumbnail wp-image-1803\" title=\"&lt;i&gt;Oxalis pes-caprae&lt;\/i&gt;\" src=\"http:\/\/cosmln.nature4stock.com\/wp-content\/uploads\/2009\/04\/oxalis-pes-caprae-img_0707-150x150.jpg\" alt=\"&lt;i&gt;Oxalis pes-caprae&lt;\/i&gt;\" width=\"150\" height=\"150\" \/><\/a> <a href=\"http:\/\/cosmln.nature4stock.com\/wp-content\/uploads\/2009\/04\/rosmarinus-officinalis-img_0727.jpg\"><img loading=\"lazy\" class=\"alignnone size-thumbnail wp-image-1809\" title=\"&lt;i&gt;Rosmarinus officinalis&lt;\/i&gt;\" src=\"http:\/\/cosmln.nature4stock.com\/wp-content\/uploads\/2009\/04\/rosmarinus-officinalis-img_0727-150x150.jpg\" alt=\"&lt;i&gt;Rosmarinus officinalis&lt;\/i&gt;\" width=\"150\" height=\"150\" \/><\/a> <a href=\"http:\/\/cosmln.nature4stock.com\/wp-content\/uploads\/2009\/04\/teucrium-fruticans-img_0733.jpg\"><img loading=\"lazy\" class=\"alignnone size-thumbnail wp-image-1810\" title=\"&lt;i&gt;Teucrium fruticans&lt;\/i&gt;\" src=\"http:\/\/cosmln.nature4stock.com\/wp-content\/uploads\/2009\/04\/teucrium-fruticans-img_0733-150x150.jpg\" alt=\"&lt;i&gt;Teucrium fruticans&lt;\/i&gt;\" width=\"150\" height=\"150\" \/><\/a> <a href=\"http:\/\/cosmln.nature4stock.com\/wp-content\/uploads\/2009\/04\/orchis-italica-img_0724.jpg\"><img loading=\"lazy\" class=\"alignnone size-thumbnail wp-image-1806\" title=\"&lt;i&gt;Orchis italica&lt;\/i&gt;\" src=\"http:\/\/cosmln.nature4stock.com\/wp-content\/uploads\/2009\/04\/orchis-italica-img_0724-150x150.jpg\" alt=\"&lt;i&gt;Orchis italica&lt;\/i&gt;\" width=\"150\" height=\"150\" \/><\/a> <a href=\"http:\/\/cosmln.nature4stock.com\/wp-content\/uploads\/2009\/04\/reseda-alba-img_0901.jpg\"><img loading=\"lazy\" class=\"alignnone size-thumbnail wp-image-1808\" title=\"&lt;i&gt;Reseda alba&lt;\/i&gt;\" src=\"http:\/\/cosmln.nature4stock.com\/wp-content\/uploads\/2009\/04\/reseda-alba-img_0901-150x150.jpg\" alt=\"&lt;i&gt;Reseda alba&lt;\/i&gt;\" width=\"150\" height=\"150\" \/><\/a> <a href=\"http:\/\/cosmln.nature4stock.com\/wp-content\/uploads\/2009\/04\/oxythyrea-cinctella-img_0742.jpg\"><img loading=\"lazy\" class=\"alignnone size-thumbnail wp-image-1807\" title=\"&lt;i&gt;Oxythyrea cinctella&lt;\/i&gt;\" src=\"http:\/\/cosmln.nature4stock.com\/wp-content\/uploads\/2009\/04\/oxythyrea-cinctella-img_0742-150x150.jpg\" alt=\"&lt;i&gt;Oxythyrea cinctella&lt;\/i&gt;\" width=\"150\" height=\"150\" \/><\/a> <a href=\"http:\/\/cosmln.nature4stock.com\/wp-content\/uploads\/2009\/04\/undet-img_0756.jpg\"><img loading=\"lazy\" class=\"alignnone size-thumbnail wp-image-1812\" title=\"undetermined\" src=\"http:\/\/cosmln.nature4stock.com\/wp-content\/uploads\/2009\/04\/undet-img_0756-150x150.jpg\" alt=\"undetermined\" width=\"150\" height=\"150\" \/><\/a> <a href=\"http:\/\/cosmln.nature4stock.com\/wp-content\/uploads\/2009\/04\/undet-img_0755.jpg\"><img loading=\"lazy\" class=\"alignnone size-thumbnail wp-image-1811\" title=\"undetermined\" src=\"http:\/\/cosmln.nature4stock.com\/wp-content\/uploads\/2009\/04\/undet-img_0755-150x150.jpg\" alt=\"undetermined\" width=\"150\" height=\"150\" \/><\/a> <a href=\"http:\/\/cosmln.nature4stock.com\/wp-content\/uploads\/2009\/04\/olea-europaea-img_0749.jpg\"><img loading=\"lazy\" class=\"alignnone size-thumbnail wp-image-1804\" title=\"&lt;i&gt;Olea europaea&lt;\/i&gt;\" src=\"http:\/\/cosmln.nature4stock.com\/wp-content\/uploads\/2009\/04\/olea-europaea-img_0749-150x150.jpg\" alt=\"&lt;i&gt;Olea europaea&lt;\/i&gt;\" width=\"150\" height=\"150\" \/><\/a> <a href=\"http:\/\/cosmln.nature4stock.com\/wp-content\/uploads\/2009\/04\/ophrys-arachnitiformis-img_0912.jpg\"><img loading=\"lazy\" class=\"alignnone size-thumbnail wp-image-1805\" title=\"&lt;i&gt;Ophrys arachnitiformis&lt;\/i&gt;\" src=\"http:\/\/cosmln.nature4stock.com\/wp-content\/uploads\/2009\/04\/ophrys-arachnitiformis-img_0912-150x150.jpg\" alt=\"&lt;i&gt;Ophrys arachnitiformis&lt;\/i&gt;\" width=\"150\" height=\"150\" \/><\/a> <a href=\"http:\/\/cosmln.nature4stock.com\/wp-content\/uploads\/2009\/04\/vignanotica.jpg\"><img loading=\"lazy\" class=\"alignnone size-thumbnail wp-image-1813\" title=\"Vignanotica beach\" src=\"http:\/\/cosmln.nature4stock.com\/wp-content\/uploads\/2009\/04\/vignanotica-150x150.jpg\" alt=\"Vignanotica beach\" width=\"150\" height=\"150\" \/><\/a><\/p>\n<p>\u015ei \u00eenapoi pe autostrad\u0103, noaptea am ajuns \u00eenapoi \u00een pat.<\/p>\n<!-- AddThis Advanced Settings generic via filter on the_content --><!-- AddThis Share Buttons generic via filter on the_content -->","protected":false},"excerpt":{"rendered":"<p>\u00cen diminea\u0163a de 1 aprilie ne-am dat de\u015fteptarea (\u015fi nu este o p\u0103c\u0103leal\u0103) \u015fi am plecat spre sud&#8230; prima destina\u0163ie Parcul Na\u0163ional Vezuviu. \u015ei o mare dezam\u0103gire&#8230; am f\u0103cut cuno\u015ftiin\u0163\u0103 cu gardurile din parcurile na\u0163ionale, cu &#8220;divieto din accesso&#8221;&#8230; am ajuns sus ca s\u0103 urc\u0103m la conul vulcanic&#8230; s\u0103 opre\u015fti in parcare a fost parc\u0103 [&hellip;]<!-- AddThis Advanced Settings generic via filter on get_the_excerpt --><!-- AddThis Share Buttons generic via filter on get_the_excerpt --><\/p>\n","protected":false},"author":2277,"featured_media":0,"comment_status":"open","ping_status":"open","sticky":false,"template":"","format":"standard","meta":[],"categories":[891,1037],"tags":[1639,1090,1092,354,1626,1608,1605,328,97,1616,1601,1093,515,201,327,1091,1100,1646,1087,71,200,1108,334,1109,1052,1111,1096,1089,1094,1104,1088,767,1101,1106,96,1602,168,167,1611,1055,1065,62,72,1056,1617,1105,1095,1102,1107,1103,1098,1099,1097,1110],"_links":{"self":[{"href":"https:\/\/cosmln.nature4stock.com\/index.php?rest_route=\/wp\/v2\/posts\/1769"}],"collection":[{"href":"https:\/\/cosmln.nature4stock.com\/index.php?rest_route=\/wp\/v2\/posts"}],"about":[{"href":"https:\/\/cosmln.nature4stock.com\/index.php?rest_route=\/wp\/v2\/types\/post"}],"author":[{"embeddable":true,"href":"https:\/\/cosmln.nature4stock.com\/index.php?rest_route=\/wp\/v2\/users\/2277"}],"replies":[{"embeddable":true,"href":"https:\/\/cosmln.nature4stock.com\/index.php?rest_route=%2Fwp%2Fv2%2Fcomments&post=1769"}],"version-history":[{"count":15,"href":"https:\/\/cosmln.nature4stock.com\/index.php?rest_route=\/wp\/v2\/posts\/1769\/revisions"}],"predecessor-version":[{"id":1818,"href":"https:\/\/cosmln.nature4stock.com\/index.php?rest_route=\/wp\/v2\/posts\/1769\/revisions\/1818"}],"wp:attachment":[{"href":"https:\/\/cosmln.nature4stock.com\/index.php?rest_route=%2Fwp%2Fv2%2Fmedia&parent=1769"}],"wp:term":[{"taxonomy":"category","embeddable":true,"href":"https:\/\/cosmln.nature4stock.com\/index.php?rest_route=%2Fwp%2Fv2%2Fcategories&post=1769"},{"taxonomy":"post_tag","embeddable":true,"href":"https:\/\/cosmln.nature4stock.com\/index.php?rest_route=%2Fwp%2Fv2%2Ftags&post=1769"}],"curies":[{"name":"wp","href":"https:\/\/api.w.org\/{rel}","templated":true}]}}