{"id":1827,"date":"2009-06-06T14:19:14","date_gmt":"2009-06-06T12:19:14","guid":{"rendered":"http:\/\/cosmln.nature4stock.com\/?p=1827"},"modified":"2009-06-06T14:19:14","modified_gmt":"2009-06-06T12:19:14","slug":"5-9aprilie2009-prin-italia-prin-elvetia-iar-prin-italia-si-spre-croatia","status":"publish","type":"post","link":"https:\/\/cosmln.nature4stock.com\/?p=1827","title":{"rendered":"5-9.aprilie.2009 &#8211; prin Italia, prin Elvetia, iar prin Italia \u015fi spre Croa\u0163ia"},"content":{"rendered":"<p>O ultim\u0103 diminea\u0163\u0103 la mama \u015fi fratele meu \u015fi mai departe, spre nord&#8230; totu\u015fi p\u00e2n\u0103 am m\u00e2ncat\/plecat am p\u00e2ndit un pic doar doar reu\u015fesc s\u0103 fotografiez ni\u015fte drepnele&#8230; una dintre cele mai bune fotografii mai jos. \u015ei erau acolo at\u00e2t <em>Apus apus<\/em> c\u00e2t \u015fi <em>Apus pallidus<\/em>&#8230; poate data viitoare.<\/p>\n<p style=\"text-align: center;\"><a href=\"http:\/\/cosmln.nature4stock.com\/wp-content\/uploads\/2009\/05\/apus-apus-img_1129.jpg\"><img loading=\"lazy\" class=\"alignnone size-thumbnail wp-image-1828\" title=\"&lt;i&gt;Apus apus&lt;\/i&gt;\" src=\"http:\/\/cosmln.nature4stock.com\/wp-content\/uploads\/2009\/05\/apus-apus-img_1129-150x150.jpg\" alt=\"&lt;i&gt;Apus apus&lt;\/i&gt;\" width=\"150\" height=\"150\" \/><\/a><\/p>\n<p>Spre nord.. planurile noastre erau s\u0103 mergem prin regiunea Abruzzo dar cum deja toat\u0103 lumea \u015ftie chiar \u00een noaptea respectiv\u0103 a avut loc acel <a href=\"http:\/\/www.dailymail.co.uk\/travel\/article-1167947\/Earthquake-rocks-Abruzzo-region-Italy-8217-s-emerging-tourist-destination.html\" target=\"_self\">cutremur<\/a>. Astfel c\u0103 am ocolit (obligat for\u0163at, autostrazile spre est fiind \u00eenchise) pe la vest regiunea respectiv\u0103. \u00centr-o scurt\u0103 oprire l\u00e2ng\u0103 Arezzo am mai g\u0103sit c\u00e2teva orhidee: <em>Orchis morio<\/em> \u015fi dou\u0103 <em>Ophrys <\/em>\u00eenc\u0103 f\u0103r\u0103 nume.<\/p>\n<p style=\"text-align: center;\"><a href=\"http:\/\/cosmln.nature4stock.com\/wp-content\/uploads\/2009\/05\/orchis-morio-img_1257.jpg\"><img loading=\"lazy\" class=\"alignnone size-thumbnail wp-image-1831\" title=\"&lt;i&gt;Orchis morio&lt;\/i&gt;\" src=\"http:\/\/cosmln.nature4stock.com\/wp-content\/uploads\/2009\/05\/orchis-morio-img_1257-150x150.jpg\" alt=\"&lt;i&gt;Orchis morio&lt;\/i&gt;\" width=\"150\" height=\"150\" \/><\/a> <a href=\"http:\/\/cosmln.nature4stock.com\/wp-content\/uploads\/2009\/05\/ophrys-img_1244.jpg\"><img loading=\"lazy\" class=\"alignnone size-thumbnail wp-image-1830\" title=\"&lt;i&gt;Ophrys&lt;\/i&gt; sp.\" src=\"http:\/\/cosmln.nature4stock.com\/wp-content\/uploads\/2009\/05\/ophrys-img_1244-150x150.jpg\" alt=\"&lt;i&gt;Ophrys&lt;\/i&gt; sp.\" width=\"150\" height=\"150\" \/><\/a> <a href=\"http:\/\/cosmln.nature4stock.com\/wp-content\/uploads\/2009\/05\/ophrys-img_1239.jpg\"><img loading=\"lazy\" class=\"alignnone size-thumbnail wp-image-1829\" title=\"&lt;i&gt;Ophrys&lt;\/i&gt; sp.\" src=\"http:\/\/cosmln.nature4stock.com\/wp-content\/uploads\/2009\/05\/ophrys-img_1239-150x150.jpg\" alt=\"&lt;i&gt;Ophrys&lt;\/i&gt; sp.\" width=\"150\" height=\"150\" \/><\/a><\/p>\n<p>Mai t\u00e2rziu pe la nordul regiunii Abruzzo am &#8220;t\u0103iat&#8221; Italia spre est, voiam s\u0103 ajungem la mare&#8230; \u015fi spre nord, ca s\u0103 ajungem \u00een acea seara spre <a href=\"http:\/\/www.parks.it\/parco.delta.po.er\/Eindex.html\" target=\"_blank\">delta r\u00e2ului Po<\/a>. Am reu\u015fit s\u0103 g\u0103sim un drum care mergea spre mare unde am \u015fi dormit \u00eentr-o mic\u0103 parcare pe malul m\u0103rii \u00eentre doua baruri (f\u0103r\u0103 clien\u0163i acum). La ziu\u0103 am decis s\u0103 explor\u0103m un pic regiunea&#8230; acolo fiind un parc natural (de fapt sunt dou\u0103&#8230; fiecare jude\u0163 sau ceva de genu cu parcul lui), mai multe rezerva\u0163ii&#8230; destul de dezam\u0103gi\u0163i&#8230; \u015fi aici omniprezentele garduri&#8230; divieto di accesso&#8230;<\/p>\n<p>C\u00e2teva fotografii f\u0103cute aici:<\/p>\n<p style=\"text-align: center;\"><a href=\"http:\/\/cosmln.nature4stock.com\/wp-content\/uploads\/2009\/05\/larus-michahellis-img_1307.jpg\"><img loading=\"lazy\" class=\"alignnone size-thumbnail wp-image-1832\" title=\"&lt;i&gt;Larus michahellis&lt;\/i&gt;\" src=\"http:\/\/cosmln.nature4stock.com\/wp-content\/uploads\/2009\/05\/larus-michahellis-img_1307-150x150.jpg\" alt=\"&lt;i&gt;Larus michahellis&lt;\/i&gt;\" width=\"150\" height=\"150\" \/><\/a> <a href=\"http:\/\/cosmln.nature4stock.com\/wp-content\/uploads\/2009\/05\/larus-genei-img_1278.jpg\"><img loading=\"lazy\" class=\"alignnone size-thumbnail wp-image-1833\" title=\"&lt;i&gt;Larus genei&lt;\/i&gt;\" src=\"http:\/\/cosmln.nature4stock.com\/wp-content\/uploads\/2009\/05\/larus-genei-img_1278-150x150.jpg\" alt=\"&lt;i&gt;Larus genei&lt;\/i&gt;\" width=\"150\" height=\"150\" \/><\/a><\/p>\n<p>Dup\u0103 ce ne-am cam plictisit de umblat am ajuns \u00een <a href=\"http:\/\/en.wikipedia.org\/wiki\/Comacchio\" target=\"_blank\">Camacchio<\/a> unde era unul dintre punctele de vizitare ale parcului, de am luat ceva materiale promo\u0163ionale de pe la ei&#8230; \u015fi am aflat c\u0103 de fapt pe unde este mai interesant nu se poate umbla&#8230; nu era nici timp nici loc pentru a face atunci rost de autoriza\u0163ii. Am vizitat ora\u015ful care este o mic\u0103 Vene\u0163ia, canale, canale&#8230; \u015fi c\u00e2teva fotografii f\u0103cute de <a href=\"http:\/\/www.gabrielaphotography.com\/\" target=\"_blank\">Gabriela<\/a>.<\/p>\n<p style=\"text-align: center;\"><a href=\"http:\/\/cosmln.nature4stock.com\/wp-content\/uploads\/2009\/06\/img_1152-edit.jpg\"><img loading=\"lazy\" class=\"alignnone size-thumbnail wp-image-1851\" title=\"Bell tower (\u00a9 Gabriela \u00censur\u0103\u0163elu)\" src=\"http:\/\/cosmln.nature4stock.com\/wp-content\/uploads\/2009\/06\/img_1152-edit-150x150.jpg\" alt=\"Bell tower (\u00a9 Gabriela \u00censur\u0103\u0163elu)\" width=\"150\" height=\"150\" \/><\/a> <a href=\"http:\/\/cosmln.nature4stock.com\/wp-content\/uploads\/2009\/06\/img_1154-edit.jpg\"><img loading=\"lazy\" class=\"alignnone size-thumbnail wp-image-1852\" title=\"Natale II (\u00a9 Gabriela \u00censur\u0103\u0163elu)\" src=\"http:\/\/cosmln.nature4stock.com\/wp-content\/uploads\/2009\/06\/img_1154-edit-150x150.jpg\" alt=\"Natale II (\u00a9 Gabriela \u00censur\u0103\u0163elu)\" width=\"150\" height=\"150\" \/><\/a> <a href=\"http:\/\/cosmln.nature4stock.com\/wp-content\/uploads\/2009\/06\/img_1169-edit.jpg\"><img loading=\"lazy\" class=\"alignnone size-thumbnail wp-image-1850\" title=\"Trepponti bridge (\u00a9 Gabriela \u00censur\u0103\u0163elu)\" src=\"http:\/\/cosmln.nature4stock.com\/wp-content\/uploads\/2009\/06\/img_1169-edit-150x150.jpg\" alt=\"Trepponti bridge (\u00a9 Gabriela \u00censur\u0103\u0163elu)\" width=\"150\" height=\"150\" \/><\/a><\/p>\n<p>Seara am dormit la Fusina pentru ca la ziu\u0103 s\u0103 mergem prin <a href=\"http:\/\/en.wikipedia.org\/wiki\/Venice\" target=\"_blank\">Vene\u0163ia<\/a>. Dac\u0103 citi\u0163i aici s\u0103 \u015fti\u0163i ca s\u0103 parca\u0163i ma\u015fina v\u0103 costa 24 de \u20ac, indiferent c\u0103 sta\u0163i o or\u0103 sau 12 (maxim). Am umblat pe acolo&#8230; \u00eenghesuial\u0103, \u00eenghesuial\u0103&#8230; \u015fi \u00eenc\u0103 mai este p\u00e2n\u0103 s\u0103 fie mult\u0103 lume acolo&#8230; am m\u00e2ncat o pizza, dac\u0103 a\u015fa este pizza italian\u0103 mai bine m\u0103 lipsesc pe viitor, servit\u0103 de chinezi&#8230; oricum din ce am v\u0103zut tot chinezi sau mai \u015ftiu eu ce na\u0163ii erau cei care lucrau pe acolo&#8230; habar nu am ce fac italienii. C\u00e2teva fotografii f\u0103cute de <a href=\"http:\/\/www.gabrielaphotography.com\/\" target=\"_blank\">Gabriela<\/a>:<\/p>\n<p style=\"text-align: center;\"><a href=\"http:\/\/cosmln.nature4stock.com\/wp-content\/uploads\/2009\/06\/img_1366-edit.jpg\"><img loading=\"lazy\" class=\"alignnone size-thumbnail wp-image-1853\" title=\"prin Vene\u0163ia (\u00a9 Gabriela \u00censur\u0103\u0163elu)\" src=\"http:\/\/cosmln.nature4stock.com\/wp-content\/uploads\/2009\/06\/img_1366-edit-150x150.jpg\" alt=\"prin Vene\u0163ia (\u00a9 Gabriela \u00censur\u0103\u0163elu)\" width=\"150\" height=\"150\" \/><\/a> <a href=\"http:\/\/cosmln.nature4stock.com\/wp-content\/uploads\/2009\/06\/img_1355-edit.jpg\"><img loading=\"lazy\" class=\"alignnone size-thumbnail wp-image-1856\" title=\"prin Vene\u0163ia (\u00a9 Gabriela \u00censur\u0103\u0163elu)\" src=\"http:\/\/cosmln.nature4stock.com\/wp-content\/uploads\/2009\/06\/img_1355-edit-150x150.jpg\" alt=\"prin Vene\u0163ia (\u00a9 Gabriela \u00censur\u0103\u0163elu)\" width=\"150\" height=\"150\" \/><\/a> <a href=\"http:\/\/cosmln.nature4stock.com\/wp-content\/uploads\/2009\/06\/img_1217-edit.jpg\"><img loading=\"lazy\" class=\"alignnone size-thumbnail wp-image-1854\" title=\"prin Vene\u0163ia (\u00a9 Gabriela \u00censur\u0103\u0163elu)\" src=\"http:\/\/cosmln.nature4stock.com\/wp-content\/uploads\/2009\/06\/img_1217-edit-150x150.jpg\" alt=\"prin Vene\u0163ia (\u00a9 Gabriela \u00censur\u0103\u0163elu)\" width=\"150\" height=\"150\" \/><\/a> <a href=\"http:\/\/cosmln.nature4stock.com\/wp-content\/uploads\/2009\/06\/img_1330-edit.jpg\"><img loading=\"lazy\" class=\"alignnone size-thumbnail wp-image-1855\" title=\"prin Vene\u0163ia (\u00a9 Gabriela \u00censur\u0103\u0163elu)\" src=\"http:\/\/cosmln.nature4stock.com\/wp-content\/uploads\/2009\/06\/img_1330-edit-150x150.jpg\" alt=\"prin Vene\u0163ia (\u00a9 Gabriela \u00censur\u0103\u0163elu)\" width=\"150\" height=\"150\" \/><\/a> <a href=\"http:\/\/cosmln.nature4stock.com\/wp-content\/uploads\/2009\/06\/img_1361-edit.jpg\"><img loading=\"lazy\" class=\"alignnone size-thumbnail wp-image-1857\" title=\"Gondola (\u00a9 Gabriela \u00censur\u0103\u0163elu)\" src=\"http:\/\/cosmln.nature4stock.com\/wp-content\/uploads\/2009\/06\/img_1361-edit-150x150.jpg\" alt=\"Gondola (\u00a9 Gabriela \u00censur\u0103\u0163elu)\" width=\"150\" height=\"150\" \/><\/a> <a href=\"http:\/\/cosmln.nature4stock.com\/wp-content\/uploads\/2009\/06\/img_1364-edit.jpg\"><img loading=\"lazy\" class=\"alignnone size-thumbnail wp-image-1858\" title=\"Venetian Masks (\u00a9 Gabriela \u00censur\u0103\u0163elu)\" src=\"http:\/\/cosmln.nature4stock.com\/wp-content\/uploads\/2009\/06\/img_1364-edit-150x150.jpg\" alt=\"Venetian Masks (\u00a9 Gabriela \u00censur\u0103\u0163elu)\" width=\"150\" height=\"150\" \/><\/a><\/p>\n<p>\u015ei mai departe spre nord spre zona Brescia s\u0103 ajungem sear\u0103 la prietenii Gabrielei unde am stat pentru o noapte&#8230; ce bine este s\u0103 dormi \u00een pat&#8230; dac\u0103 citi\u0163i vreodata asta&#8230; mul\u0163umim \u00eenc\u0103 o dat\u0103 de cazare \u015fi mas\u0103&#8230; bun\u0103 m\u00e2ncare.<\/p>\n<p>Pe drum ne-am mai oprit pe ici pe colo&#8230; cel mai ciud\u0103 \u00eemi este c\u0103 am ratat s\u0103 fotografiez gaia brun\u0103 (<em><a href=\"http:\/\/birds.nature4stock.com\/?page_id=2360\" target=\"_blank\">Milvus migrans<\/a><\/em>) dar am reusit totu\u015fi s\u0103 fotografiez un <em>Ophrys<\/em>, <em>Erica carnea<\/em> \u015fi cred c\u0103 sop\u00e2rla de ziduri (<em>Podarcis muralis<\/em>), mie cel pu\u0163in nu mi s-a p\u0103rut s\u0103 fie diferit\u0103 cu ceva de cea de la noi&#8230; a\u015fa de la distan\u0163\u0103. De asemenea c\u00e2teva fotografii cu peisajul din rezerva\u0163ia <a href=\"http:\/\/www.parks.it\/riserva.piramidi.zone\/index.html\" target=\"_blank\">Piramidele din Zone<\/a>.<\/p>\n<p style=\"text-align: center;\"><a href=\"http:\/\/cosmln.nature4stock.com\/wp-content\/uploads\/2009\/05\/ophrys-img_1506.jpg\"><img loading=\"lazy\" class=\"alignnone size-thumbnail wp-image-1836\" title=\"&lt;i&gt;Ophrys&lt;\/i&gt; sp.\" src=\"http:\/\/cosmln.nature4stock.com\/wp-content\/uploads\/2009\/05\/ophrys-img_1506-150x150.jpg\" alt=\"&lt;i&gt;Ophrys&lt;\/i&gt; sp.\" width=\"150\" height=\"150\" \/><\/a> <a href=\"http:\/\/cosmln.nature4stock.com\/wp-content\/uploads\/2009\/05\/erica-carnea-img_1511.jpg\"><img loading=\"lazy\" class=\"alignnone size-thumbnail wp-image-1835\" title=\"&lt;i&gt;Erica carnea&lt;\/i&gt;\" src=\"http:\/\/cosmln.nature4stock.com\/wp-content\/uploads\/2009\/05\/erica-carnea-img_1511-150x150.jpg\" alt=\"&lt;i&gt;Erica carnea&lt;\/i&gt;\" width=\"150\" height=\"150\" \/><\/a> <a href=\"http:\/\/cosmln.nature4stock.com\/wp-content\/uploads\/2009\/05\/podarcis-muralis-img_1461.jpg\"><img loading=\"lazy\" class=\"alignnone size-thumbnail wp-image-1839\" title=\"&lt;i&gt;Podarcis muralis&lt;\/i&gt;\" src=\"http:\/\/cosmln.nature4stock.com\/wp-content\/uploads\/2009\/05\/podarcis-muralis-img_1461-150x150.jpg\" alt=\"&lt;i&gt;Podarcis muralis&lt;\/i&gt;\" width=\"150\" height=\"150\" \/><\/a> <a href=\"http:\/\/cosmln.nature4stock.com\/wp-content\/uploads\/2009\/05\/piramide-img_1468_6_7.jpg\"><img loading=\"lazy\" class=\"alignnone size-thumbnail wp-image-1834\" title=\"Piramidele din Zone\" src=\"http:\/\/cosmln.nature4stock.com\/wp-content\/uploads\/2009\/05\/piramide-img_1468_6_7-150x150.jpg\" alt=\"Piramidele din Zone\" width=\"150\" height=\"150\" \/><\/a> <a href=\"http:\/\/cosmln.nature4stock.com\/wp-content\/uploads\/2009\/05\/piramide-img_1463.jpg\"><img loading=\"lazy\" class=\"alignnone size-thumbnail wp-image-1837\" title=\"Piramidele din Zone\" src=\"http:\/\/cosmln.nature4stock.com\/wp-content\/uploads\/2009\/05\/piramide-img_1463-150x150.jpg\" alt=\"Piramidele din Zone\" width=\"150\" height=\"150\" \/><\/a> <a href=\"http:\/\/cosmln.nature4stock.com\/wp-content\/uploads\/2009\/05\/piramide-img_1464.jpg\"><img loading=\"lazy\" class=\"alignnone size-thumbnail wp-image-1838\" title=\"Piramidele din Zone\" src=\"http:\/\/cosmln.nature4stock.com\/wp-content\/uploads\/2009\/05\/piramide-img_1464-150x150.jpg\" alt=\"Piramidele din Zone\" width=\"150\" height=\"150\" \/><\/a><\/p>\n<p>Dimineat\u0103 am plecat mai departe spre nord s\u0103 reluam c\u0103utarea dup\u0103 vulturul b\u0103rbos. \u00cen timpul acesteia am ajuns din nou \u00een Elve\u0163ia am ajuns la altitudinea de peste 2300 de metri (\u00een pasul Bernina) \u015fi am reu\u015fit \u015fi s\u0103 vad un exemplar t\u00e2n\u0103r de vultur b\u0103rbos undeva departe deasupra de Saint Moritz. Un peisaj extraordinar, cu v\u00e2rfuri de peste 3000 m, z\u0103pad\u0103, lacuri, br\u00e2ndu\u015fe albe (<em>Crocus vernus albiflorus<\/em>) \u015fi st\u0103ncu\u0163e alpine (<em>Pyrrhocorax graculus<\/em>).<\/p>\n<p style=\"text-align: center;\"><a href=\"http:\/\/cosmln.nature4stock.com\/wp-content\/uploads\/2009\/05\/over-the-lake.jpg\"><img loading=\"lazy\" class=\"alignnone size-thumbnail wp-image-1840\" title=\"Vedere peste lacul Poschiavo\" src=\"http:\/\/cosmln.nature4stock.com\/wp-content\/uploads\/2009\/05\/over-the-lake-150x150.jpg\" alt=\"Vedere peste lacul Poschiavo\" width=\"150\" height=\"150\" \/><\/a> <a href=\"http:\/\/cosmln.nature4stock.com\/wp-content\/uploads\/2009\/05\/panorama-pasu-bernina2.jpg\"><img loading=\"lazy\" class=\"alignnone size-thumbnail wp-image-1841\" title=\"\u00een Pasul Bernina\" src=\"http:\/\/cosmln.nature4stock.com\/wp-content\/uploads\/2009\/05\/panorama-pasu-bernina2-150x150.jpg\" alt=\"\u00een Pasul Bernina\" width=\"150\" height=\"150\" \/><\/a> <a href=\"http:\/\/cosmln.nature4stock.com\/wp-content\/uploads\/2009\/05\/panorama-pasu-bernina.jpg\"><img loading=\"lazy\" class=\"alignnone size-thumbnail wp-image-1842\" title=\"\u00een Pasul Bernina\" src=\"http:\/\/cosmln.nature4stock.com\/wp-content\/uploads\/2009\/05\/panorama-pasu-bernina-150x150.jpg\" alt=\"\u00een Pasul Bernina\" width=\"150\" height=\"150\" \/><\/a> <a href=\"http:\/\/cosmln.nature4stock.com\/wp-content\/uploads\/2009\/05\/crocus-vernus-alb-img_1530.jpg\"><img loading=\"lazy\" class=\"alignnone size-thumbnail wp-image-1845\" title=\"Crocus vernus albiflorus\" src=\"http:\/\/cosmln.nature4stock.com\/wp-content\/uploads\/2009\/05\/crocus-vernus-alb-img_1530-150x150.jpg\" alt=\"Crocus vernus albiflorus\" width=\"150\" height=\"150\" \/><\/a> <a href=\"http:\/\/cosmln.nature4stock.com\/wp-content\/uploads\/2009\/05\/pyrrhocorax-graculus-img_1610.jpg\"><img loading=\"lazy\" class=\"alignnone size-thumbnail wp-image-1844\" title=\"&lt;i&gt;Pyrrhocorax graculus&lt;\/i&gt;\" src=\"http:\/\/cosmln.nature4stock.com\/wp-content\/uploads\/2009\/05\/pyrrhocorax-graculus-img_1610-150x150.jpg\" alt=\"&lt;i&gt;Pyrrhocorax graculus&lt;\/i&gt;\" width=\"150\" height=\"150\" \/><\/a> <a href=\"http:\/\/cosmln.nature4stock.com\/wp-content\/uploads\/2009\/05\/pyrrhocorax-graculus-img_1499.jpg\"><img loading=\"lazy\" class=\"alignnone size-thumbnail wp-image-1843\" title=\"&lt;i&gt;Pyrrhocorax graculus&lt;\/i&gt;\" src=\"http:\/\/cosmln.nature4stock.com\/wp-content\/uploads\/2009\/05\/pyrrhocorax-graculus-img_1499-150x150.jpg\" alt=\"&lt;i&gt;Pyrrhocorax graculus&lt;\/i&gt;\" width=\"150\" height=\"150\" \/><\/a><\/p>\n<p>Mai t\u00e2rziu am plecat spre Bolzano pentru a vedea \u015fi alte zone dar de acolo toate drumurile erau \u00eenchise, am vizitat doar Centrul de vizitare al <a href=\"http:\/\/www.stelviopark.it\/\" target=\"_blank\">Parcului National Stelvio<\/a> \u015fi din nou spre sud am dormit \u00eenainte de ie\u015firea dinItalia urm\u00e2nd ca diminea\u0163\u0103 s\u0103 plec\u0103m spre <a href=\"http:\/\/en.wikipedia.org\/wiki\/Croatia\" target=\"_blank\">Croa\u0163ia<\/a>.<\/p>\n<!-- AddThis Advanced Settings generic via filter on the_content --><!-- AddThis Share Buttons generic via filter on the_content -->","protected":false},"excerpt":{"rendered":"<p>O ultim\u0103 diminea\u0163\u0103 la mama \u015fi fratele meu \u015fi mai departe, spre nord&#8230; totu\u015fi p\u00e2n\u0103 am m\u00e2ncat\/plecat am p\u00e2ndit un pic doar doar reu\u015fesc s\u0103 fotografiez ni\u015fte drepnele&#8230; una dintre cele mai bune fotografii mai jos. \u015ei erau acolo at\u00e2t Apus apus c\u00e2t \u015fi Apus pallidus&#8230; poate data viitoare. Spre nord.. planurile noastre erau s\u0103 [&hellip;]<!-- AddThis Advanced Settings generic via filter on get_the_excerpt --><!-- AddThis Share Buttons generic via filter on get_the_excerpt --><\/p>\n","protected":false},"author":2277,"featured_media":0,"comment_status":"open","ping_status":"open","sticky":false,"template":"","format":"standard","meta":[],"categories":[891,905,1037],"tags":[1639,1119,354,1626,1114,1115,1120,1608,1605,1132,97,1131,1126,1127,1116,1122,1113,1117,1641,1123,255,1646,1087,1124,71,1030,384,74,1021,334,1637,1118,767,96,1602,168,167,1055,1121,1125,1133,62,1129,1617,1112,73,1128,1130,908],"_links":{"self":[{"href":"https:\/\/cosmln.nature4stock.com\/index.php?rest_route=\/wp\/v2\/posts\/1827"}],"collection":[{"href":"https:\/\/cosmln.nature4stock.com\/index.php?rest_route=\/wp\/v2\/posts"}],"about":[{"href":"https:\/\/cosmln.nature4stock.com\/index.php?rest_route=\/wp\/v2\/types\/post"}],"author":[{"embeddable":true,"href":"https:\/\/cosmln.nature4stock.com\/index.php?rest_route=\/wp\/v2\/users\/2277"}],"replies":[{"embeddable":true,"href":"https:\/\/cosmln.nature4stock.com\/index.php?rest_route=%2Fwp%2Fv2%2Fcomments&post=1827"}],"version-history":[{"count":7,"href":"https:\/\/cosmln.nature4stock.com\/index.php?rest_route=\/wp\/v2\/posts\/1827\/revisions"}],"predecessor-version":[{"id":1863,"href":"https:\/\/cosmln.nature4stock.com\/index.php?rest_route=\/wp\/v2\/posts\/1827\/revisions\/1863"}],"wp:attachment":[{"href":"https:\/\/cosmln.nature4stock.com\/index.php?rest_route=%2Fwp%2Fv2%2Fmedia&parent=1827"}],"wp:term":[{"taxonomy":"category","embeddable":true,"href":"https:\/\/cosmln.nature4stock.com\/index.php?rest_route=%2Fwp%2Fv2%2Fcategories&post=1827"},{"taxonomy":"post_tag","embeddable":true,"href":"https:\/\/cosmln.nature4stock.com\/index.php?rest_route=%2Fwp%2Fv2%2Ftags&post=1827"}],"curies":[{"name":"wp","href":"https:\/\/api.w.org\/{rel}","templated":true}]}}