{"id":1864,"date":"2009-06-08T00:51:54","date_gmt":"2009-06-07T22:51:54","guid":{"rendered":"http:\/\/cosmln.nature4stock.com\/?p=1864"},"modified":"2009-06-08T00:51:54","modified_gmt":"2009-06-07T22:51:54","slug":"10-13aprilie2009-croatia-si-inapoi-acasa","status":"publish","type":"post","link":"https:\/\/cosmln.nature4stock.com\/?p=1864","title":{"rendered":"10-13.aprilie.2009 Croa\u0163ia \u015fi \u00eenapoi acas\u0103"},"content":{"rendered":"<p>A\u015fa c\u0103 dup\u0103 un somn \u00een Italia (ne-am spus c\u0103 este mai bine s\u0103 \u00eentr\u0103m \u00een Croa\u0163ia pe zi) am ajuns diminea\u0163\u0103 la grani\u0163a cu Slovenia (trebuie s\u0103 facem un drum scurt prin ea, de circa 20 de km, ca s\u0103 ajungem \u00een Croa\u0163ia). Dup\u0103 grani\u0163\u0103 ne-am oprit la prima sta\u0163ie de combustibil pentru a cump\u0103ra vignet\u0103 unde c\u00e2nd am auzit pre\u0163ul am spus c\u0103 dau pe spate, 35 de \u20ac\u00a0pentru jum\u0103tate de an&#8230; f\u0103r\u0103 nici un fel de alt\u0103 variant\u0103&#8230; sunt sigur c\u0103 dac\u0103 am fi mers cu taxiul acea distan\u0163\u0103 ar fi fost mai ieftin. Asta este, am pl\u0103tit vigneta \u015fi am plecat mai departe spre Croa\u0163ia unde am intrat f\u0103r\u0103 nici un fel de probleme (ei nu au vignet\u0103 sau altele de genu dar se pl\u0103te\u015fte la tunelele mari sau pe autostrad\u0103&#8230; ni\u015fte pre\u0163uri in regul\u0103 pot spune).<\/p>\n<p>A\u015fs c\u0103 am ajuns \u00een <a href=\"http:\/\/en.wikipedia.org\/wiki\/Croatia\" target=\"_blank\">Croa\u0163ia<\/a> f\u0103r\u0103 probleme \u015fi am plecat mai departe spre sud mai mult sau mai pu\u0163in pe l\u00e2ng\u0103 malul m\u0103rii.<\/p>\n<p>Pentru acea zi ne g\u00e2ndeam s\u0103 facem peninsula Istria \u015fi o prim\u0103 destina\u0163ie fiind ora\u015ful <a href=\"http:\/\/en.wikipedia.org\/wiki\/Pula\" target=\"_blank\">Pula<\/a> (scuze dac\u0103 unii dintre voi cred c\u0103 vorbesc prostii\u00a0dar \u0103sta este numele ora\u015fului, cel mai mare din peninsula Istria). Tot merg\u00e2nd pe drum f\u0103r\u0103 a g\u0103si ceva interesant p\u00e2n\u0103 la urm\u0103 ne-am ab\u0103tut de la drumul \u00a0\u00eeni\u0163ial \u015fi am plecat spre continet (ca s\u0103 spun a\u015fa) \u00een dire\u0163ia ora\u015fului <a href=\"http:\/\/en.wikipedia.org\/wiki\/Rijeka\" target=\"_blank\">Rijeka<\/a> \u015fi de acolo spre sud.<\/p>\n<p>Interesant este peisajul \u00een acea zon\u0103, uneori \u00eentregul peisaj fiind doar piatr\u0103 goal\u0103&#8230; f\u0103r\u0103 nici un fel de plante.<\/p>\n<p>Spre sud p\u00e2n\u0103 mai jos de locul unde se afl\u0103 <a href=\"http:\/\/www.senj.hr\/English\/History_Nehaj.htm\" target=\"_blank\">Fort\u0103rea\u0163a Nehaj<\/a>, unde am \u015fi f\u0103cut o oprire, dup\u0103 care am g\u0103sit o parcare u\u015for ferit\u0103 de drumul principal \u015fi somn de voie. C\u00e2teva din fotografiile f\u0103cute \u00een acea zi mai jos: un crab (<em>Pachygrapsus marmoratus<\/em>) (care se poate g\u0103si \u015fi \u00een Rom\u00e2nia la Marea Neagr\u0103), o l\u0103cust\u0103 uria\u015f\u0103 pentru determinarea c\u0103reia \u00ee\u00ee mul\u0163umesc lui Ionu\u0163 Iorgu (<em>Anacridium aegyptium<\/em>) (tot el crede c\u0103 este de g\u0103sit \u015fi \u00een Rom\u00e2nia), ar\u0163arul de Banat (<em>Acer monspessulanum<\/em>) (la noi \u00eent\u00e2lnit prin Banat \u015fi prin Dobrogea), o orhidee sudic\u0103 (<em>Orchis pauciflora<\/em>), femela de la un croitor\u00a0<em>Pedestredorcadion arenarium<\/em> \u015fi o imagine cu Fort\u0103rea\u0163a Nehaj.<\/p>\n<p style=\"text-align: center;\"><a href=\"http:\/\/cosmln.nature4stock.com\/wp-content\/uploads\/2009\/06\/pachygrapsus-marmoratus-img_1617.jpg\"><img loading=\"lazy\" class=\"alignnone size-thumbnail wp-image-1865\" title=\"&lt;i&gt;Pachygrapsus marmoratus&lt;\/i&gt;\" src=\"http:\/\/cosmln.nature4stock.com\/wp-content\/uploads\/2009\/06\/pachygrapsus-marmoratus-img_1617-150x150.jpg\" alt=\"&lt;i&gt;Pachygrapsus marmoratus&lt;\/i&gt;\" width=\"150\" height=\"150\" \/><\/a> <a href=\"http:\/\/cosmln.nature4stock.com\/wp-content\/uploads\/2009\/06\/anacridium-aegyptium-img_1653.jpg\"><img loading=\"lazy\" class=\"alignnone size-thumbnail wp-image-1872\" title=\"&lt;i&gt;Anacridium aegyptium&lt;\/i&gt;\" src=\"http:\/\/cosmln.nature4stock.com\/wp-content\/uploads\/2009\/06\/anacridium-aegyptium-img_1653-150x150.jpg\" alt=\"&lt;i&gt;Anacridium aegyptium&lt;\/i&gt;\" width=\"150\" height=\"150\" \/><\/a> <a href=\"http:\/\/cosmln.nature4stock.com\/wp-content\/uploads\/2009\/06\/anacridium-aegyptium-img_1646.jpg\"><img loading=\"lazy\" class=\"alignnone size-thumbnail wp-image-1871\" title=\"&lt;i&gt;Anacridium aegyptium&lt;\/i&gt;\" src=\"http:\/\/cosmln.nature4stock.com\/wp-content\/uploads\/2009\/06\/anacridium-aegyptium-img_1646-150x150.jpg\" alt=\"&lt;i&gt;Anacridium aegyptium&lt;\/i&gt;\" width=\"150\" height=\"150\" \/><\/a> <a href=\"http:\/\/cosmln.nature4stock.com\/wp-content\/uploads\/2009\/06\/acer-monspessulanum-img_1680.jpg\"><img loading=\"lazy\" class=\"alignnone size-thumbnail wp-image-1867\" title=\"&lt;i&gt;Acer monspessulanum&lt;\/i&gt;\" src=\"http:\/\/cosmln.nature4stock.com\/wp-content\/uploads\/2009\/06\/acer-monspessulanum-img_1680-150x150.jpg\" alt=\"&lt;i&gt;Acer monspessulanum&lt;\/i&gt;\" width=\"150\" height=\"150\" \/><\/a> <a href=\"http:\/\/cosmln.nature4stock.com\/wp-content\/uploads\/2009\/06\/orchis-pauciflora-img_1662.jpg\"><img loading=\"lazy\" class=\"alignnone size-thumbnail wp-image-1873\" title=\"&lt;i&gt;Orchis pauciflora&lt;\/i&gt;\" src=\"http:\/\/cosmln.nature4stock.com\/wp-content\/uploads\/2009\/06\/orchis-pauciflora-img_1662-150x150.jpg\" alt=\"&lt;i&gt;Orchis pauciflora&lt;\/i&gt;\" width=\"150\" height=\"150\" \/><\/a> <a href=\"http:\/\/cosmln.nature4stock.com\/wp-content\/uploads\/2009\/06\/orchis-pauciflora-img_1663.jpg\"><img loading=\"lazy\" class=\"alignnone size-thumbnail wp-image-1868\" title=\"&lt;i&gt;Orchis pauciflora&lt;\/i&gt;\" src=\"http:\/\/cosmln.nature4stock.com\/wp-content\/uploads\/2009\/06\/orchis-pauciflora-img_1663-150x150.jpg\" alt=\"&lt;i&gt;Orchis pauciflora&lt;\/i&gt;\" width=\"150\" height=\"150\" \/><\/a> <a href=\"http:\/\/cosmln.nature4stock.com\/wp-content\/uploads\/2009\/06\/pedestredorcadion-arenarium-img_1666.jpg\"><img loading=\"lazy\" class=\"alignnone size-thumbnail wp-image-1870\" title=\"&lt;i&gt;Pedestredorcadion arenarium&lt;\/i&gt;\" src=\"http:\/\/cosmln.nature4stock.com\/wp-content\/uploads\/2009\/06\/pedestredorcadion-arenarium-img_1666-150x150.jpg\" alt=\"&lt;i&gt;Pedestredorcadion arenarium&lt;\/i&gt;\" width=\"150\" height=\"150\" \/><\/a> <a href=\"http:\/\/cosmln.nature4stock.com\/wp-content\/uploads\/2009\/06\/pedestredorcadion-arenarium-img_1664.jpg\"><img loading=\"lazy\" class=\"alignnone size-thumbnail wp-image-1869\" title=\"&lt;i&gt;Pedestredorcadion arenarium&lt;\/i&gt;\" src=\"http:\/\/cosmln.nature4stock.com\/wp-content\/uploads\/2009\/06\/pedestredorcadion-arenarium-img_1664-150x150.jpg\" alt=\"&lt;i&gt;Pedestredorcadion arenarium&lt;\/i&gt;\" width=\"150\" height=\"150\" \/><\/a> <a href=\"http:\/\/cosmln.nature4stock.com\/wp-content\/uploads\/2009\/06\/senj-fortress-img_1672.jpg\"><img loading=\"lazy\" class=\"alignnone size-thumbnail wp-image-1866\" title=\"Nehaj Fortress\" src=\"http:\/\/cosmln.nature4stock.com\/wp-content\/uploads\/2009\/06\/senj-fortress-img_1672-150x150.jpg\" alt=\"Nehaj Fortress\" width=\"150\" height=\"150\" \/><\/a><\/p>\n<p>Diminea\u0163\u0103 am evaluat situa\u0163ia \u015fi am decis s\u0103 mai mergem spre sud&#8230; de\u015fi eram cam s\u0103tura\u0163i am\u00e2ndoi \u015fi voiam acas\u0103. Totu\u015fi am mers mai departe dorind s\u0103 vedem a\u015fa \u00een trecere \u015fi <a href=\"http:\/\/www.paklenica.hr\/Paklenica_en\/index_en.html\" target=\"_blank\">Parcul Na\u0163ional Paklenica<\/a>. \u00a0Am l\u0103sat la punctul de intrare \u00een parc c\u00e2teva materiale \u015fi am primit voie s\u0103 intr\u0103m \u00een parc f\u0103r\u0103 a plati taxa de intrare (este de circa 7 \u20ac). Locul este un rai pentru c\u0103\u0163\u0103r\u0103tori (acolo fiind sute de oameni din numeroase \u0163\u0103ri), de\u015fi eu cred c\u0103 zona Herculane de la noi ar putea s\u0103 fie la fel&#8230; doar s\u0103 vrea cineva. Pe sear\u0103 am g\u0103sit un drumule\u0163 care printre ziduri de piatr\u0103 ne-a condus p\u00e2n\u0103 la malul m\u0103rii unde am dormit.<\/p>\n<p>C\u00e2teva din fotografiile f\u0103cute \u00een acea zi cu <em>Asphodelus fistulosus<\/em>, o larv\u0103 de <em>Empusa fasciat<\/em>a (probabil), <em>Ophrys incantat<\/em>a (probabil), <em>Cyclamen repandum<\/em>, <em>Ostrya carpinifolia<\/em> (care a\u015fa cum ii spune este neam cu carpenul de la noi) \u015fi c\u0103\u0163\u0103r\u0103tori \u00een Paklenica.<\/p>\n<p style=\"text-align: center; \"><a href=\"http:\/\/cosmln.nature4stock.com\/wp-content\/uploads\/2009\/06\/asphodelus-fistulosus-img_1770.jpg\"><img loading=\"lazy\" class=\"alignnone size-thumbnail wp-image-1874\" title=\"&lt;i&gt;Asphodelus fistulosus&lt;\/i&gt;\" src=\"http:\/\/cosmln.nature4stock.com\/wp-content\/uploads\/2009\/06\/asphodelus-fistulosus-img_1770-150x150.jpg\" alt=\"&lt;i&gt;Asphodelus fistulosus&lt;\/i&gt;\" width=\"150\" height=\"150\" \/><\/a> <a href=\"http:\/\/cosmln.nature4stock.com\/wp-content\/uploads\/2009\/06\/empusa-faciata-img_1797.jpg\"><img loading=\"lazy\" class=\"alignnone size-thumbnail wp-image-1875\" title=\"&lt;i&gt;Empusa faciata&lt;\/i&gt;\" src=\"http:\/\/cosmln.nature4stock.com\/wp-content\/uploads\/2009\/06\/empusa-faciata-img_1797-150x150.jpg\" alt=\"&lt;i&gt;Empusa faciata&lt;\/i&gt;\" width=\"150\" height=\"150\" \/><\/a> <a href=\"http:\/\/cosmln.nature4stock.com\/wp-content\/uploads\/2009\/06\/ophrys-incantata-img_1935.jpg\"><img loading=\"lazy\" class=\"alignnone size-thumbnail wp-image-1876\" title=\"&lt;i&gt;Ophrys incantata&lt;\/i&gt;\" src=\"http:\/\/cosmln.nature4stock.com\/wp-content\/uploads\/2009\/06\/ophrys-incantata-img_1935-150x150.jpg\" alt=\"&lt;i&gt;Ophrys incantata&lt;\/i&gt;\" width=\"150\" height=\"150\" \/><\/a> <a href=\"http:\/\/cosmln.nature4stock.com\/wp-content\/uploads\/2009\/06\/cyclamen-repandum-img_1786.jpg\"><img loading=\"lazy\" class=\"alignnone size-thumbnail wp-image-1886\" title=\"&lt;i&gt;Cyclamen repandum&lt;\/i&gt;\" src=\"http:\/\/cosmln.nature4stock.com\/wp-content\/uploads\/2009\/06\/cyclamen-repandum-img_1786-150x150.jpg\" alt=\"&lt;i&gt;Cyclamen repandum&lt;\/i&gt;\" width=\"150\" height=\"150\" \/><\/a> <a href=\"http:\/\/cosmln.nature4stock.com\/wp-content\/uploads\/2009\/06\/ostrya-carpinifolia-img_1784.jpg\"><img loading=\"lazy\" class=\"alignnone size-thumbnail wp-image-1891\" title=\"&lt;i&gt;Ostrya carpinifolia&lt;\/i&gt;\" src=\"http:\/\/cosmln.nature4stock.com\/wp-content\/uploads\/2009\/06\/ostrya-carpinifolia-img_1784-150x150.jpg\" alt=\"&lt;i&gt;Ostrya carpinifolia&lt;\/i&gt;\" width=\"150\" height=\"150\" \/><\/a> <a href=\"http:\/\/cosmln.nature4stock.com\/wp-content\/uploads\/2009\/06\/climbersimg_1780.jpg\"><img loading=\"lazy\" class=\"alignnone size-thumbnail wp-image-1892\" title=\"Climbers in Paklenica\" src=\"http:\/\/cosmln.nature4stock.com\/wp-content\/uploads\/2009\/06\/climbersimg_1780-150x150.jpg\" alt=\"Climbers in Paklenica\" width=\"150\" height=\"150\" \/><\/a><\/p>\n<p>Diminea\u0163\u0103 am experimentat un pic cu fotografiatul a diferite fiin\u0163e acvatice \u00eentr-un acvariu pe care l-am c\u0103rat cu noi tot acest drum. Am explorat un pic zona \u015fi pe l\u00e2ng\u0103 ni\u015fte orhidee am avut si nenorocul s\u0103 g\u0103sim urme ale r\u0103zboiului&#8230; o toaleta veche cu dus \u015fi de toate (cum nu am v\u0103zut s\u0103 existe la noi pe plaje) toat\u0103 ciuruit\u0103, tuburile r\u0103mase de la cartu\u015fe, sistemul de declan\u015fare de la o min\u0103 antipersonal \u015fi ni\u015fte vertebre&#8230; dup\u0103 toate astea ne-am c\u0103rat repede de acolo. Am mai plecat un pic spre sud p\u00e2n\u0103 l\u00e2ng\u0103 <a href=\"http:\/\/en.wikipedia.org\/wiki\/Tisno\" target=\"_blank\">Tisno<\/a> de unde am plecat spre nord \u015fi spre interiorul \u0163\u0103rii. S\u0103 ajungem \u00een <a href=\"http:\/\/www.np-plitvicka-jezera.hr\/eng\/index.php\" target=\"_blank\">Parcul Na\u0163ioal Lacurile Plitvice<\/a>, unde am \u015fi ajuns&#8230; ne-am informat&#8230; aten\u0163ie intrarea cost\u0103 aproximativ 15 \u20ac\u00a0(a r\u0103mas ceva pentru data viitoare de f\u0103cut) \u015fi am plecat mai departe spre Ungaria \u015fi apoi Rom\u00e2nia.<\/p>\n<p>A fost o zi superb\u0103 cu o mul\u0163ime de specii interesante, c\u00e2teva in fotografiile urm\u0103toare: un melc marin (<em>Aplysia punctat<\/em>a), un mic croitor (<em>Musaria argus<\/em>), un exemplar de <em>Ophisaurus apodus<\/em> (care, a\u015fa cum se \u00eent\u00e2mpl\u0103 de obicei cu ce este mai interesant, \u00a0a fost g\u0103sit de Gabriela, de fapt ea a mai g\u0103sit unu dup\u0103 care m-am c\u0103\u0163\u0103rat \u00een copac dar nu am reu\u015fit sa-l fotografiez), <em>Ophrys bertholonii<\/em> (o frumuse\u0163e), un <em>Ophrys <\/em>\u00eenc\u0103 f\u0103r\u0103 nume, <em>Orchis anthropophora<\/em> \u015fi <em>Orchis purpurata<\/em>.<\/p>\n<p style=\"text-align: center;\"><a href=\"http:\/\/cosmln.nature4stock.com\/wp-content\/uploads\/2009\/06\/aplysia-punctata-img_1896.jpg\"><img loading=\"lazy\" class=\"alignnone size-thumbnail wp-image-1877\" title=\"&lt;i&gt;Aplysia punctata&lt;\/i&gt;\" src=\"http:\/\/cosmln.nature4stock.com\/wp-content\/uploads\/2009\/06\/aplysia-punctata-img_1896-150x150.jpg\" alt=\"&lt;i&gt;Aplysia punctata&lt;\/i&gt;\" width=\"150\" height=\"150\" \/><\/a> <a href=\"http:\/\/cosmln.nature4stock.com\/wp-content\/uploads\/2009\/06\/aplysia-punctata-img_1907.jpg\"><img loading=\"lazy\" class=\"alignnone size-thumbnail wp-image-1878\" title=\"&lt;i&gt;Aplysia punctata&lt;\/i&gt;\" src=\"http:\/\/cosmln.nature4stock.com\/wp-content\/uploads\/2009\/06\/aplysia-punctata-img_1907-150x150.jpg\" alt=\"&lt;i&gt;Aplysia punctata&lt;\/i&gt;\" width=\"150\" height=\"150\" \/><\/a> <a href=\"http:\/\/cosmln.nature4stock.com\/wp-content\/uploads\/2009\/06\/aplysia-punctata-img_1918.jpg\"><img loading=\"lazy\" class=\"alignnone size-thumbnail wp-image-1879\" title=\"&lt;i&gt;Aplysia punctata&lt;\/i&gt;\" src=\"http:\/\/cosmln.nature4stock.com\/wp-content\/uploads\/2009\/06\/aplysia-punctata-img_1918-150x150.jpg\" alt=\"&lt;i&gt;Aplysia punctata&lt;\/i&gt;\" width=\"150\" height=\"150\" \/><\/a> <a href=\"http:\/\/cosmln.nature4stock.com\/wp-content\/uploads\/2009\/06\/musaria-argus-img_1984.jpg\"><img loading=\"lazy\" class=\"alignnone size-thumbnail wp-image-1880\" title=\"&lt;i&gt;Musaria argus&lt;\/i&gt;\" src=\"http:\/\/cosmln.nature4stock.com\/wp-content\/uploads\/2009\/06\/musaria-argus-img_1984-150x150.jpg\" alt=\"&lt;i&gt;Musaria argus&lt;\/i&gt;\" width=\"150\" height=\"150\" \/><\/a> <a href=\"http:\/\/cosmln.nature4stock.com\/wp-content\/uploads\/2009\/06\/ophisaurus-apodus-img_1977.jpg\"><img loading=\"lazy\" class=\"alignnone size-thumbnail wp-image-1881\" title=\"&lt;i&gt;Ophisaurus apodus&lt;\/i&gt;\" src=\"http:\/\/cosmln.nature4stock.com\/wp-content\/uploads\/2009\/06\/ophisaurus-apodus-img_1977-150x150.jpg\" alt=\"&lt;i&gt;Ophisaurus apodus&lt;\/i&gt;\" width=\"150\" height=\"150\" \/><\/a> <a href=\"http:\/\/cosmln.nature4stock.com\/wp-content\/uploads\/2009\/06\/ophrys-bertholonii-img_1938.jpg\"><img loading=\"lazy\" class=\"alignnone size-thumbnail wp-image-1882\" title=\"&lt;i&gt;Ophrys bertholonii&lt;\/i&gt;\" src=\"http:\/\/cosmln.nature4stock.com\/wp-content\/uploads\/2009\/06\/ophrys-bertholonii-img_1938-150x150.jpg\" alt=\"&lt;i&gt;Ophrys bertholonii&lt;\/i&gt;\" width=\"150\" height=\"150\" \/><\/a> <a href=\"http:\/\/cosmln.nature4stock.com\/wp-content\/uploads\/2009\/06\/ophrys-img_1949.jpg\"><img loading=\"lazy\" class=\"alignnone size-thumbnail wp-image-1883\" title=\"&lt;i&gt;Ophrys&lt;\/i&gt; sp.\" src=\"http:\/\/cosmln.nature4stock.com\/wp-content\/uploads\/2009\/06\/ophrys-img_1949-150x150.jpg\" alt=\"&lt;i&gt;Ophrys&lt;\/i&gt; sp.\" width=\"150\" height=\"150\" \/><\/a> <a href=\"http:\/\/cosmln.nature4stock.com\/wp-content\/uploads\/2009\/06\/orchis-anthropophora-img_1961.jpg\"><img loading=\"lazy\" class=\"alignnone size-thumbnail wp-image-1884\" title=\"&lt;i&gt;Orchis anthropophora&lt;\/i&gt;\" src=\"http:\/\/cosmln.nature4stock.com\/wp-content\/uploads\/2009\/06\/orchis-anthropophora-img_1961-150x150.jpg\" alt=\"&lt;i&gt;Orchis anthropophora&lt;\/i&gt;\" width=\"150\" height=\"150\" \/><\/a> <a href=\"http:\/\/cosmln.nature4stock.com\/wp-content\/uploads\/2009\/06\/orchis-purpurata-img_1943.jpg\"><img loading=\"lazy\" class=\"alignnone size-thumbnail wp-image-1885\" title=\"&lt;i&gt;Orchis purpurata&lt;\/i&gt;\" src=\"http:\/\/cosmln.nature4stock.com\/wp-content\/uploads\/2009\/06\/orchis-purpurata-img_1943-150x150.jpg\" alt=\"&lt;i&gt;Orchis purpurata&lt;\/i&gt;\" width=\"150\" height=\"150\" \/><\/a><\/p>\n<p>Cum spuneam am plecat spre Rom\u00e2nia \u015fi la trecerea spre Ungaria (asta dup\u0103 ce abia am reu\u015fit s\u0103 g\u0103sim punctul de trecere) am avut nenorocu s\u0103 pl\u0103cem vame\u015filor \u015fi a trebui s\u0103 scoatem tot din ma\u015fin\u0103&#8230; este chiar a\u015fa ciudat s\u0103 nu ai la tine \u0163ig\u0103ri, cafea, alcool \u015fi de astea? Asta este&#8230; am mai dormit o buc\u0103\u0163ic\u0103 \u015fi \u00een diminea\u0163a de 14.aprilie.2009 am intrat \u00een \u0163ar\u0103 iar dup\u0103mas\u0103 \u00eenapoi la Nuc\u015foara&#8230; dup\u0103 peste 9900 de km f\u0103cu\u0163i cu ma\u015fina (mul\u0163umesc Gabriela&#8230; ea afost cea chinuit\u0103 c\u0103 eu nu am permis).<\/p>\n<!-- AddThis Advanced Settings generic via filter on the_content --><!-- AddThis Share Buttons generic via filter on the_content -->","protected":false},"excerpt":{"rendered":"<p>A\u015fa c\u0103 dup\u0103 un somn \u00een Italia (ne-am spus c\u0103 este mai bine s\u0103 \u00eentr\u0103m \u00een Croa\u0163ia pe zi) am ajuns diminea\u0163\u0103 la grani\u0163a cu Slovenia (trebuie s\u0103 facem un drum scurt prin ea, de circa 20 de km, ca s\u0103 ajungem \u00een Croa\u0163ia). Dup\u0103 grani\u0163\u0103 ne-am oprit la prima sta\u0163ie de combustibil pentru a [&hellip;]<!-- AddThis Advanced Settings generic via filter on get_the_excerpt --><!-- AddThis Share Buttons generic via filter on get_the_excerpt --><\/p>\n","protected":false},"author":2277,"featured_media":0,"comment_status":"open","ping_status":"open","sticky":false,"template":"","format":"standard","meta":[],"categories":[891,1134],"tags":[1639,1146,1162,1145,1164,354,1626,1608,1147,1156,328,1135,1161,1160,1616,1149,1647,1150,1078,1157,821,819,327,166,165,71,568,1166,1618,1139,388,1624,1138,1137,66,1610,1165,1142,1167,1168,1158,1637,394,1169,1148,1170,767,1614,1159,1144,1152,1151,1602,168,167,1611,1153,1136,62,1141,72,1140,1617,1143,1154,387,73,1163,1155],"_links":{"self":[{"href":"https:\/\/cosmln.nature4stock.com\/index.php?rest_route=\/wp\/v2\/posts\/1864"}],"collection":[{"href":"https:\/\/cosmln.nature4stock.com\/index.php?rest_route=\/wp\/v2\/posts"}],"about":[{"href":"https:\/\/cosmln.nature4stock.com\/index.php?rest_route=\/wp\/v2\/types\/post"}],"author":[{"embeddable":true,"href":"https:\/\/cosmln.nature4stock.com\/index.php?rest_route=\/wp\/v2\/users\/2277"}],"replies":[{"embeddable":true,"href":"https:\/\/cosmln.nature4stock.com\/index.php?rest_route=%2Fwp%2Fv2%2Fcomments&post=1864"}],"version-history":[{"count":8,"href":"https:\/\/cosmln.nature4stock.com\/index.php?rest_route=\/wp\/v2\/posts\/1864\/revisions"}],"predecessor-version":[{"id":1896,"href":"https:\/\/cosmln.nature4stock.com\/index.php?rest_route=\/wp\/v2\/posts\/1864\/revisions\/1896"}],"wp:attachment":[{"href":"https:\/\/cosmln.nature4stock.com\/index.php?rest_route=%2Fwp%2Fv2%2Fmedia&parent=1864"}],"wp:term":[{"taxonomy":"category","embeddable":true,"href":"https:\/\/cosmln.nature4stock.com\/index.php?rest_route=%2Fwp%2Fv2%2Fcategories&post=1864"},{"taxonomy":"post_tag","embeddable":true,"href":"https:\/\/cosmln.nature4stock.com\/index.php?rest_route=%2Fwp%2Fv2%2Ftags&post=1864"}],"curies":[{"name":"wp","href":"https:\/\/api.w.org\/{rel}","templated":true}]}}