{"id":2006,"date":"2009-11-20T17:11:10","date_gmt":"2009-11-20T15:11:10","guid":{"rendered":"http:\/\/cosmln.nature4stock.com\/?p=2006"},"modified":"2009-11-20T17:11:10","modified_gmt":"2009-11-20T15:11:10","slug":"spre-%c8%99i-prin-peloponez","status":"publish","type":"post","link":"https:\/\/cosmln.nature4stock.com\/?p=2006","title":{"rendered":"spre \u0219i prin Peloponez"},"content":{"rendered":"<p>La \u00eenceputul acestei s\u0103pt\u0103m\u00e2ni am decis s\u0103 facem o ie\u0219ire mai lung\u0103 iar pentru aceasta am ales s\u0103 mergem \u00een <a href=\"http:\/\/en.wikipedia.org\/wiki\/Peloponnese\" target=\"_blank\">Peninsula Peloponez<\/a>, de fapt o insula ast\u0103zi dup\u0103 crearea <a href=\"http:\/\/en.wikipedia.org\/wiki\/Corinth_Canal\" target=\"_blank\">Canalului Corint<\/a>. Destina\u021bia noastr\u0103 fiind <a href=\"http:\/\/en.wikipedia.org\/wiki\/Kalogria,_Achaea\" target=\"_blank\">Kalogria<\/a> unde voiam s\u0103 v\u0103d mai ales zonele cu dune de nisip.<\/p>\n<p>Printre obiectivele noastre (de fotografiat) se num\u0103ra Canalul Corint \u0219i <a href=\"http:\/\/en.wikipedia.org\/wiki\/Rio%E2%80%93Antirrio_bridge\" target=\"_blank\">podul din Rio<\/a> (une\u0219te peninsula cu Grecia continental\u0103). C\u00e2teva fotografii cu acestea pot fi v\u0103zute aici mul\u021bumit\u0103 Gabrielei&#8230; eu nu m-am obosit s\u0103 fac vreuna.<\/p>\n<p style=\"text-align: center;\"><a href=\"http:\/\/cosmln.nature4stock.com\/wp-content\/uploads\/2009\/11\/IMG_2938-Edit.jpg\"><img loading=\"lazy\" class=\"alignnone size-thumbnail wp-image-2007\" title=\"Canalul Corint, foto: Gabriela \u00censur\u0103\u021belu\" src=\"http:\/\/cosmln.nature4stock.com\/wp-content\/uploads\/2009\/11\/IMG_2938-Edit-150x150.jpg\" alt=\"Canalul Corint, foto: Gabriela \u00censur\u0103\u021belu\" width=\"150\" height=\"150\" \/><\/a> <a href=\"http:\/\/cosmln.nature4stock.com\/wp-content\/uploads\/2009\/11\/IMG_2949-Edit.jpg\"><img loading=\"lazy\" class=\"alignnone size-thumbnail wp-image-2008\" title=\"Canalul Corint, foto: Gabriela \u00censur\u0103\u021belu\" src=\"http:\/\/cosmln.nature4stock.com\/wp-content\/uploads\/2009\/11\/IMG_2949-Edit-150x150.jpg\" alt=\"Canalul Corint, foto: Gabriela \u00censur\u0103\u021belu\" width=\"150\" height=\"150\" \/><\/a><\/p>\n<p style=\"text-align: center;\"><a href=\"http:\/\/cosmln.nature4stock.com\/wp-content\/uploads\/2009\/11\/IMG_3037-Edit.jpg\"><img loading=\"lazy\" class=\"alignnone size-thumbnail wp-image-2009\" title=\"Podul din Rio, foto: Gabriela \u00censur\u0103\u021belu\" src=\"http:\/\/cosmln.nature4stock.com\/wp-content\/uploads\/2009\/11\/IMG_3037-Edit-150x150.jpg\" alt=\"Podul din Rio, foto: Gabriela \u00censur\u0103\u021belu\" width=\"150\" height=\"150\" \/><\/a> <a href=\"http:\/\/cosmln.nature4stock.com\/wp-content\/uploads\/2009\/11\/IMG_3043-Edit.jpg\"><img loading=\"lazy\" class=\"alignnone size-thumbnail wp-image-2010\" title=\"Podul din Rio, foto: Gabriela \u00censur\u0103\u021belu\" src=\"http:\/\/cosmln.nature4stock.com\/wp-content\/uploads\/2009\/11\/IMG_3043-Edit-150x150.jpg\" alt=\"Podul din Rio, foto: Gabriela \u00censur\u0103\u021belu\" width=\"150\" height=\"150\" \/><\/a> <a href=\"http:\/\/cosmln.nature4stock.com\/wp-content\/uploads\/2009\/11\/rio6-Edit.jpg\"><img loading=\"lazy\" class=\"alignnone size-thumbnail wp-image-2011\" title=\"Podul din Rio, foto: Gabriela \u00censur\u0103\u021belu\" src=\"http:\/\/cosmln.nature4stock.com\/wp-content\/uploads\/2009\/11\/rio6-Edit-150x150.jpg\" alt=\"Podul din Rio, foto: Gabriela \u00censur\u0103\u021belu\" width=\"150\" height=\"150\" \/><\/a><\/p>\n<p>Ce a fost interesant legat de Canalul Corint este c\u0103 se poate trece prin dou\u0103 locuri, un pod care este aproximativ la nivelul apei&#8230; fiind interesant ca acesta este scufundat atunci c\u00e2nd trec ambarca\u021biuni \u0219i nu ridicat a\u0219a cum am crezut. Ceva inte\u0219esant dar nu pl\u0103cut o s\u0103 spun \u0219i despre podul din Rio&#8230; dar mai t\u00e2rziu.<\/p>\n<p>Seara pe bezn\u0103 am ajuns \u00een zona Kalogria unde am \u0219i dormit. Diminea\u021ba devreme ce\u021buri pluteau peste ape iar p\u0103durea locului ar\u0103ta superb. Dac\u0103 nu crede\u021bi pute\u021bi vedea asta \u00een c\u00e2teva din imaginile f\u0103cute de Gabriela. Tot diminea\u021b\u0103 peste mun\u021bi se puteau vedea trec\u00e2nd stoluri enorme de grauri, mii \u0219i mii de exemplare&#8230; erau ca norii.<\/p>\n<p style=\"text-align: center;\"><a href=\"http:\/\/cosmln.nature4stock.com\/wp-content\/uploads\/2009\/11\/kalogria-7.jpg\"><img loading=\"lazy\" class=\"alignnone size-thumbnail wp-image-2016\" title=\"Strophylia Forest, foto: Gabriela \u00censur\u0103\u021belu\" src=\"http:\/\/cosmln.nature4stock.com\/wp-content\/uploads\/2009\/11\/kalogria-7-150x150.jpg\" alt=\"Strophylia Forest, foto: Gabriela \u00censur\u0103\u021belu\" width=\"150\" height=\"150\" \/><\/a> <a href=\"http:\/\/cosmln.nature4stock.com\/wp-content\/uploads\/2009\/11\/kalogria-6.jpg\"><img loading=\"lazy\" class=\"alignnone size-thumbnail wp-image-2015\" title=\"Strophylia Forest, foto: Gabriela \u00censur\u0103\u021belu\" src=\"http:\/\/cosmln.nature4stock.com\/wp-content\/uploads\/2009\/11\/kalogria-6-150x150.jpg\" alt=\"Strophylia Forest, foto: Gabriela \u00censur\u0103\u021belu\" width=\"150\" height=\"150\" \/><\/a> <a href=\"http:\/\/cosmln.nature4stock.com\/wp-content\/uploads\/2009\/11\/kalogria-4.jpg\"><img loading=\"lazy\" class=\"alignnone size-thumbnail wp-image-2014\" title=\"Strophylia Forest, foto: Gabriela \u00censur\u0103\u021belu\" src=\"http:\/\/cosmln.nature4stock.com\/wp-content\/uploads\/2009\/11\/kalogria-4-150x150.jpg\" alt=\"Strophylia Forest, foto: Gabriela \u00censur\u0103\u021belu\" width=\"150\" height=\"150\" \/><\/a><\/p>\n<p style=\"text-align: center;\"><a href=\"http:\/\/cosmln.nature4stock.com\/wp-content\/uploads\/2009\/11\/kalogria-3.jpg\"><img loading=\"lazy\" class=\"alignnone size-thumbnail wp-image-2013\" title=\"Laguna Prokopos, foto: Gabriela \u00censur\u0103\u021belu\" src=\"http:\/\/cosmln.nature4stock.com\/wp-content\/uploads\/2009\/11\/kalogria-3-150x150.jpg\" alt=\"Laguna Prokopos, foto: Gabriela \u00censur\u0103\u021belu\" width=\"150\" height=\"150\" \/><\/a> <a href=\"http:\/\/cosmln.nature4stock.com\/wp-content\/uploads\/2009\/11\/IMG_3246-Edit.jpg\"><img loading=\"lazy\" class=\"alignnone size-thumbnail wp-image-2012\" title=\"Laguna Prokopos, foto: Gabriela \u00censur\u0103\u021belu\" src=\"http:\/\/cosmln.nature4stock.com\/wp-content\/uploads\/2009\/11\/IMG_3246-Edit-150x150.jpg\" alt=\"Laguna Prokopos, foto: Gabriela \u00censur\u0103\u021belu\" width=\"150\" height=\"150\" \/><\/a> <a href=\"http:\/\/cosmln.nature4stock.com\/wp-content\/uploads\/2009\/11\/stu.vul_.IMG_7941.jpg\"><img loading=\"lazy\" class=\"alignnone size-thumbnail wp-image-2031\" title=\"&quot;cloud&quot;\" src=\"http:\/\/cosmln.nature4stock.com\/wp-content\/uploads\/2009\/11\/stu.vul_.IMG_7941-150x150.jpg\" alt=\"&quot;cloud&quot;\" width=\"150\" height=\"150\" \/><\/a><\/p>\n<p>Ajuns aici am avut \u0219i o &#8220;misiune&#8221; s\u0103 eliber\u0103m un exemplar de <em>Ophisaurus apodus<\/em>&#8230; care tr\u0103ia de ceva vreme \u00een cadrul Universit\u0103\u021bii din Atena. Despre aceast\u0103 specie am mai vorbit <a href=\"http:\/\/cosmln.nature4stock.com\/?p=1864\" target=\"_self\">aici<\/a>.<\/p>\n<p style=\"text-align: center;\"><a href=\"http:\/\/cosmln.nature4stock.com\/wp-content\/uploads\/2009\/11\/IMG_3259-Edit.jpg\"><img loading=\"lazy\" class=\"alignnone size-thumbnail wp-image-2018\" title=\"Ophi... is free, foto: Gabriela \u00censur\u0103\u021belu\" src=\"http:\/\/cosmln.nature4stock.com\/wp-content\/uploads\/2009\/11\/IMG_3259-Edit-150x150.jpg\" alt=\"Ophi... is free, foto: Gabriela \u00censur\u0103\u021belu\" width=\"150\" height=\"150\" \/><\/a><\/p>\n<p>Zona este protejat\u0103, sit Natura 2000, sit Ramsar&#8230; dac\u0103 mai ajung pe acolo trebuie s\u0103 \u00eencerc \u0219i semin\u021bele de <em>Pinus pinea<\/em>&#8230; din p\u0103durea Strophylia.<\/p>\n<p>\u0218i am \u00eenceput s\u0103 explor\u0103m zona Kalogria, de fapt am umblat destul de mult prin zona: \u00een zona litoral\u0103, laguna Prokopos, pe l\u00e2ng\u0103 Mun\u021bii Negri (altitudinea maxim\u0103 spre 300m).\u00a0 Una dintre speciile pe care mi-am dorit s\u0103 le v\u0103d \u00een zon\u0103 a fost <a href=\"http:\/\/en.wikipedia.org\/wiki\/Pancratium_maritimum\" target=\"_blank\"><em>Pancratium maritimum<\/em><\/a>, \u0219i am v\u0103zut&#8230; mii de exemplare dar din p\u0103cate nu \u00een floare. O surpriz\u0103 a fost s\u0103 v\u00e2d c\u00e2teva exemplare de <em>Anax ephippiger<\/em>, reu\u0219ind chiar s\u0103 \u0219i colectez un exemplar de data aceasta.<\/p>\n<p>Legat de ce a fost peste zi&#8230;<\/p>\n<p>&#8211; eu c\u0103ut\u00e2nd ceva prin fileu (made by Gabriela), <em>Spoladea recurvalis<\/em> (un fluture destul de comun pe aici) \u0219i <em>Nomophila noctuella<\/em> (una dintre speciile cel mai des observate prin Grecia \u00een zilele astea).<\/p>\n<p style=\"text-align: center;\"><a href=\"http:\/\/cosmln.nature4stock.com\/wp-content\/uploads\/2009\/11\/IMG_3262-Edit.jpg\"><img loading=\"lazy\" class=\"alignnone size-thumbnail wp-image-2019\" title=\"me searching for... , foto: Gabriela \u00censur\u0103\u021belu\" src=\"http:\/\/cosmln.nature4stock.com\/wp-content\/uploads\/2009\/11\/IMG_3262-Edit-150x150.jpg\" alt=\"me searching for... , foto: Gabriela \u00censur\u0103\u021belu\" width=\"150\" height=\"150\" \/><\/a> <a href=\"http:\/\/cosmln.nature4stock.com\/wp-content\/uploads\/2009\/11\/Spoladea-recurvalis-IMG_9585.JPG\"><img loading=\"lazy\" class=\"alignnone size-thumbnail wp-image-2032\" title=\"&lt;i&gt;Spoladea recurvalis&lt;\/i&gt;\" src=\"http:\/\/cosmln.nature4stock.com\/wp-content\/uploads\/2009\/11\/Spoladea-recurvalis-IMG_9585-150x150.jpg\" alt=\"&lt;i&gt;Spoladea recurvalis&lt;\/i&gt;\" width=\"150\" height=\"150\" \/><\/a> <a href=\"http:\/\/cosmln.nature4stock.com\/wp-content\/uploads\/2009\/11\/Nomophila-noctuella-IMG_9622.JPG\"><img loading=\"lazy\" class=\"alignnone size-thumbnail wp-image-2034\" title=\"&lt;i&gt;Nomophila noctuella&lt;\/i&gt;\" src=\"http:\/\/cosmln.nature4stock.com\/wp-content\/uploads\/2009\/11\/Nomophila-noctuella-IMG_9622-150x150.jpg\" alt=\"&lt;i&gt;Nomophila noctuella&lt;\/i&gt;\" width=\"150\" height=\"150\" \/><\/a><\/p>\n<p style=\"text-align: left;\">&#8211; <em>Pancratium maritimum<\/em> (trecute), <em>Brithys crini<\/em> (se hr\u0103ne\u0219te pe seama lui <em>Pancratium<\/em>) \u0219i un mascul de <em>Sympetrum fonscolombii<\/em><\/p>\n<p style=\"text-align: center;\"><a href=\"http:\/\/cosmln.nature4stock.com\/wp-content\/uploads\/2009\/11\/Pancratium-maritimum-IMG_9596.JPG\"><img loading=\"lazy\" class=\"alignnone size-thumbnail wp-image-2036\" title=\"&lt;i&gt;Pancratium maritimum&lt;\/i&gt;\" src=\"http:\/\/cosmln.nature4stock.com\/wp-content\/uploads\/2009\/11\/Pancratium-maritimum-IMG_9596-150x150.jpg\" alt=\"&lt;i&gt;Pancratium maritimum&lt;\/i&gt;\" width=\"150\" height=\"150\" \/><\/a> <a href=\"http:\/\/cosmln.nature4stock.com\/wp-content\/uploads\/2009\/11\/Brithys-crini-IMG_9603.JPG\"><img loading=\"lazy\" class=\"alignnone size-thumbnail wp-image-2035\" title=\"&lt;i&gt;Brithys crini&lt;\/i&gt;\" src=\"http:\/\/cosmln.nature4stock.com\/wp-content\/uploads\/2009\/11\/Brithys-crini-IMG_9603-150x150.jpg\" alt=\"&lt;i&gt;Brithys crini&lt;\/i&gt;\" width=\"150\" height=\"150\" \/><\/a> <a href=\"http:\/\/cosmln.nature4stock.com\/wp-content\/uploads\/2009\/11\/Sympetrum-fonscolombii-IMG_9605.JPG\"><img loading=\"lazy\" class=\"alignnone size-thumbnail wp-image-2037\" title=\"&lt;i&gt;Sympetrum fonscolombii&lt;\/i&gt;\" src=\"http:\/\/cosmln.nature4stock.com\/wp-content\/uploads\/2009\/11\/Sympetrum-fonscolombii-IMG_9605-150x150.jpg\" alt=\"&lt;i&gt;Sympetrum fonscolombii&lt;\/i&gt;\" width=\"150\" height=\"150\" \/><\/a><\/p>\n<p style=\"text-align: left;\">&#8211; o buburuz\u0103 mai interesant\u0103&#8230; posibil o s\u0103 apar\u0103 \u0219i \u00een Rom\u00e2nia (\u00een Ungaria a ajuns&#8230; din Africa) <em>Henosepilachna elaterii<\/em>, <em>Empusa <\/em>sp. (una dintre cele mai interesante c\u0103lug\u0103ri\u021be) \u0219i un vultur pescar (<em>Pandion halieatus<\/em>)&#8230; cred c\u0103 cu ceva timp \u00eenainte a m\u00e2ncat bine sau poate c\u0103 doar a ratat un pe\u0219te<\/p>\n<p style=\"text-align: center;\"><a href=\"http:\/\/cosmln.nature4stock.com\/wp-content\/uploads\/2009\/11\/Henosepilachna-elaterii-IMG_9630.jpg\"><img loading=\"lazy\" class=\"alignnone size-thumbnail wp-image-2039\" title=\"&lt;i&gt;Henosepilachna elaterii&lt;\/i&gt;\" src=\"http:\/\/cosmln.nature4stock.com\/wp-content\/uploads\/2009\/11\/Henosepilachna-elaterii-IMG_9630-150x150.jpg\" alt=\"&lt;i&gt;Henosepilachna elaterii&lt;\/i&gt;\" width=\"150\" height=\"150\" \/><\/a> <a href=\"http:\/\/cosmln.nature4stock.com\/wp-content\/uploads\/2009\/11\/Empusa-IMG_9651.jpg\"><img loading=\"lazy\" class=\"alignnone size-thumbnail wp-image-2038\" title=\"&lt;i&gt;Empusa&lt;\/i&gt; sp.\" src=\"http:\/\/cosmln.nature4stock.com\/wp-content\/uploads\/2009\/11\/Empusa-IMG_9651-150x150.jpg\" alt=\"&lt;i&gt;Empusa&lt;\/i&gt; sp.\" width=\"150\" height=\"150\" \/><\/a> <a href=\"http:\/\/cosmln.nature4stock.com\/wp-content\/uploads\/2009\/11\/Pandion-haliaetus-IMG_8091.JPG\"><img loading=\"lazy\" class=\"alignnone size-thumbnail wp-image-2040\" title=\"&lt;i&gt;Pandion haliaetus&lt;\/i&gt;\" src=\"http:\/\/cosmln.nature4stock.com\/wp-content\/uploads\/2009\/11\/Pandion-haliaetus-IMG_8091-150x150.jpg\" alt=\"&lt;i&gt;Pandion haliaetus&lt;\/i&gt;\" width=\"150\" height=\"150\" \/><\/a><\/p>\n<p style=\"text-align: left;\">&#8211; si pentru sf\u00e2r\u0219it&#8230; am putut vedea dou\u0103 exemplare tinere de \u0219erpar (<em>Circaetus gallicus<\/em>)&#8230; f\u0103r\u0103 s\u0103 ne bage prea mult \u00een seam\u0103&#8230; ei au f\u0103cut spectacol dar eu nu \u0219tiu ce am f\u0103cut dar ceva bun nu am prea reu\u0219it<\/p>\n<p style=\"text-align: center;\"><a href=\"http:\/\/cosmln.nature4stock.com\/wp-content\/uploads\/2009\/11\/Circaetus-gallicus-IMG_7994.JPG\"><img loading=\"lazy\" class=\"alignnone size-thumbnail wp-image-2041\" title=\"&lt;i&gt;Circaetus gallicus&lt;\/i&gt;\" src=\"http:\/\/cosmln.nature4stock.com\/wp-content\/uploads\/2009\/11\/Circaetus-gallicus-IMG_7994-150x150.jpg\" alt=\"&lt;i&gt;Circaetus gallicus&lt;\/i&gt;\" width=\"150\" height=\"150\" \/><\/a> <a href=\"http:\/\/cosmln.nature4stock.com\/wp-content\/uploads\/2009\/11\/Circaetus-gallicus-IMG_8123.JPG\"><img loading=\"lazy\" class=\"alignnone size-thumbnail wp-image-2042\" title=\"&lt;i&gt;Circaetus gallicus&lt;\/i&gt;\" src=\"http:\/\/cosmln.nature4stock.com\/wp-content\/uploads\/2009\/11\/Circaetus-gallicus-IMG_8123-150x150.jpg\" alt=\"&lt;i&gt;Circaetus gallicus&lt;\/i&gt;\" width=\"150\" height=\"150\" \/><\/a> <a href=\"http:\/\/cosmln.nature4stock.com\/wp-content\/uploads\/2009\/11\/Circaetus-gallicus-IMG_8126.JPG\"><img loading=\"lazy\" class=\"alignnone size-thumbnail wp-image-2043\" title=\"&lt;i&gt;Circaetus gallicus&lt;\/i&gt;\" src=\"http:\/\/cosmln.nature4stock.com\/wp-content\/uploads\/2009\/11\/Circaetus-gallicus-IMG_8126-150x150.jpg\" alt=\"&lt;i&gt;Circaetus gallicus&lt;\/i&gt;\" width=\"150\" height=\"150\" \/><\/a><\/p>\n<p>Cum spuneam mai devreme legat de podul de la Rio&#8230; seara am decis s\u0103 plec\u0103m spre Atena dar prin Grecia continental\u0103&#8230; \u0219i c\u00e2t ar putea s\u0103 coste podul? Am aflat dup\u0103 ce l-am traversat&#8230; 11,70\u00a0\u20ac &#8230; cel pu\u021bin pentru noi aceasta fiind o sum\u0103 enorm\u0103.<\/p>\n<p>\u0218i cam at\u00e2t din aceast\u0103 tur\u0103. Probabil Gabriela o s\u0103 scrie c\u00e2te ceva mai t\u00e2rziu&#8230; la ea pe moment de pe la <a href=\"http:\/\/blog.earomania.com\/adventures\/kite-surfing-at-scinias-beach\" target=\"_blank\">Schinias<\/a>&#8230; o zi frumoas\u0103 pentru ea&#8230; \u0219i una nu prea pentru mine.<\/p>\n<!-- AddThis Advanced Settings generic via filter on the_content --><!-- AddThis Share Buttons generic via filter on the_content -->","protected":false},"excerpt":{"rendered":"<p>La \u00eenceputul acestei s\u0103pt\u0103m\u00e2ni am decis s\u0103 facem o ie\u0219ire mai lung\u0103 iar pentru aceasta am ales s\u0103 mergem \u00een Peninsula Peloponez, de fapt o insula ast\u0103zi dup\u0103 crearea Canalului Corint. Destina\u021bia noastr\u0103 fiind Kalogria unde voiam s\u0103 v\u0103d mai ales zonele cu dune de nisip. Printre obiectivele noastre (de fotografiat) se num\u0103ra Canalul Corint [&hellip;]<!-- AddThis Advanced Settings generic via filter on get_the_excerpt --><!-- AddThis Share Buttons generic via filter on get_the_excerpt --><\/p>\n","protected":false},"author":2277,"featured_media":0,"comment_status":"open","ping_status":"open","sticky":false,"template":"","format":"standard","meta":[],"categories":[891,16,409],"tags":[1639,1217,1608,1203,1605,97,1207,1220,1222,297,1135,1209,1229,1223,1204,1211,70,69,1225,75,296,1210,295,1590,1224,1205,1612,68,1618,352,1212,1627,1219,228,1607,1167,1216,1227,96,1208,1214,168,167,1611,1215,62,1213,72,1056,1617,1206,1230,1228,1218,1221,1606,1226,604],"_links":{"self":[{"href":"https:\/\/cosmln.nature4stock.com\/index.php?rest_route=\/wp\/v2\/posts\/2006"}],"collection":[{"href":"https:\/\/cosmln.nature4stock.com\/index.php?rest_route=\/wp\/v2\/posts"}],"about":[{"href":"https:\/\/cosmln.nature4stock.com\/index.php?rest_route=\/wp\/v2\/types\/post"}],"author":[{"embeddable":true,"href":"https:\/\/cosmln.nature4stock.com\/index.php?rest_route=\/wp\/v2\/users\/2277"}],"replies":[{"embeddable":true,"href":"https:\/\/cosmln.nature4stock.com\/index.php?rest_route=%2Fwp%2Fv2%2Fcomments&post=2006"}],"version-history":[{"count":4,"href":"https:\/\/cosmln.nature4stock.com\/index.php?rest_route=\/wp\/v2\/posts\/2006\/revisions"}],"predecessor-version":[{"id":2046,"href":"https:\/\/cosmln.nature4stock.com\/index.php?rest_route=\/wp\/v2\/posts\/2006\/revisions\/2046"}],"wp:attachment":[{"href":"https:\/\/cosmln.nature4stock.com\/index.php?rest_route=%2Fwp%2Fv2%2Fmedia&parent=2006"}],"wp:term":[{"taxonomy":"category","embeddable":true,"href":"https:\/\/cosmln.nature4stock.com\/index.php?rest_route=%2Fwp%2Fv2%2Fcategories&post=2006"},{"taxonomy":"post_tag","embeddable":true,"href":"https:\/\/cosmln.nature4stock.com\/index.php?rest_route=%2Fwp%2Fv2%2Ftags&post=2006"}],"curies":[{"name":"wp","href":"https:\/\/api.w.org\/{rel}","templated":true}]}}