{"id":2262,"date":"2010-05-03T10:25:27","date_gmt":"2010-05-03T08:25:27","guid":{"rendered":"http:\/\/cosmln.nature4stock.com\/?p=2262"},"modified":"2010-05-03T10:36:52","modified_gmt":"2010-05-03T08:36:52","slug":"creta-plante","status":"publish","type":"post","link":"https:\/\/cosmln.nature4stock.com\/?p=2262","title":{"rendered":"<b>Creta<\/b> &#8211; plante"},"content":{"rendered":"<p>Pentru c\u0103 iar este pauz\u0103 pe aici am zis s\u0103 mai adaug c\u00e2te ceva&#8230; un album foto cu plante fotografiate \u00een Creta (except\u00e2nd orhideele care vor ap\u0103rea \u00eentr-o alt\u0103 postare). Voi pune aici mai mult specii endemice Cretei sau care mi s-au p\u0103rut mie mai interesante.<\/p>\n<p>Link-ul de la fiecare nume v\u0103 duce la pagina speciei de pe situl dedicat <strong><a href=\"http:\/\/plants.nature4stock.com\/\" target=\"_blank\">plantelor<\/a> <\/strong>(de obicei acolo sunt \u0219i mai multe fotografii cu specia respectiv\u0103).<\/p>\n<p><em><a href=\"http:\/\/plants.nature4stock.com\/?page_id=1546\" target=\"_self\">Aristolochia cretica<\/a><\/em> Lam. &#8211; o specie rar\u0103 (endemic\u0103 insulelor Karpathos \u0219i Creta), de g\u0103sit ici colo in locuri st\u00e2ncoase \u0219i mai umbroase pe l\u00e2ng\u0103 mare<\/p>\n<p style=\"text-align: center;\"><a href=\"http:\/\/cosmln.nature4stock.com\/wp-content\/uploads\/2010\/05\/Aristolochia-cretica-IMG_1539.jpg\"><img loading=\"lazy\" title=\"&lt;i&gt;Aristolochia cretica&lt;\/i&gt;, Greece (Crete Island) - Preveli in 5.march.2010\" src=\"http:\/\/cosmln.nature4stock.com\/wp-content\/uploads\/2010\/05\/Aristolochia-cretica-IMG_1539-150x150.jpg\" alt=\"\" width=\"150\" height=\"150\" \/><\/a> <a href=\"http:\/\/cosmln.nature4stock.com\/wp-content\/uploads\/2010\/05\/Aristolochia-cretica-IMG_1541.jpg\"><img loading=\"lazy\" class=\"alignnone size-thumbnail wp-image-2264\" title=\"&lt;i&gt;Aristolochia cretica&lt;\/i&gt;, Greece (Crete Island) - Preveli in 5.march.2010\" src=\"http:\/\/cosmln.nature4stock.com\/wp-content\/uploads\/2010\/05\/Aristolochia-cretica-IMG_1541-150x150.jpg\" alt=\"\" width=\"150\" height=\"150\" \/><\/a><\/p>\n<p><em><a href=\"http:\/\/plants.nature4stock.com\/?page_id=2546\" target=\"_self\">Procopiana cretica<\/a><\/em> (Willd.) Gusul. &#8211; specie endemic\u0103 Greciei, prin locuri umbroase de pe l\u00e2ng\u0103 are (observat\u0103 mai ales pe st\u00e2nci)<\/p>\n<p style=\"text-align: center;\"><a href=\"http:\/\/cosmln.nature4stock.com\/wp-content\/uploads\/2010\/05\/Procopiana-cretica-IMG_3959.jpg\"><img loading=\"lazy\" title=\"&lt;i&gt;Procopiana cretica&lt;\/i&gt;, Greece (Crete Island) - near Georgioupoli in 13.march.2010\" src=\"http:\/\/cosmln.nature4stock.com\/wp-content\/uploads\/2010\/05\/Procopiana-cretica-IMG_3959-150x150.jpg\" alt=\"\" width=\"150\" height=\"150\" \/><\/a> <a href=\"http:\/\/cosmln.nature4stock.com\/wp-content\/uploads\/2010\/05\/Procopiana-cretica-IMG_3962.jpg\"><img loading=\"lazy\" class=\"alignnone size-thumbnail wp-image-2266\" title=\"&lt;i&gt;Procopiana cretica&lt;\/i&gt;, Greece (Crete Island) - near Georgioupoli in 13.march.2010\" src=\"http:\/\/cosmln.nature4stock.com\/wp-content\/uploads\/2010\/05\/Procopiana-cretica-IMG_3962-150x150.jpg\" alt=\"\" width=\"150\" height=\"150\" \/><\/a><\/p>\n<p style=\"text-align: left;\"><em><a href=\"http:\/\/plants.nature4stock.com\/?page_id=2553\" target=\"_self\">Petromarula pinnata<\/a><\/em> (L.) A.DC. &#8211; o plant\u0103 unic\u0103 \u00een genul ei, destul de frecvent\u0103 \u00een Creta pe pere\u021bi st\u00e2nco\u0219i sau pe ziduri (cum este \u0219i cazul plantelor din imagini)<\/p>\n<p style=\"text-align: center;\"><a href=\"http:\/\/cosmln.nature4stock.com\/wp-content\/uploads\/2010\/05\/Petromarula-pinnata-IMG_3971.jpg\"><img loading=\"lazy\" class=\"alignnone size-thumbnail wp-image-2267\" title=\"&lt;i&gt;Petromarula pinnata&lt;\/i&gt;, Greece (Crete Island) - Rethymno in 13.march.2010\" src=\"http:\/\/cosmln.nature4stock.com\/wp-content\/uploads\/2010\/05\/Petromarula-pinnata-IMG_3971-150x150.jpg\" alt=\"\" width=\"150\" height=\"150\" \/><\/a> <a href=\"http:\/\/cosmln.nature4stock.com\/wp-content\/uploads\/2010\/05\/Petromarula-pinnata-IMG_3980.jpg\"><img loading=\"lazy\" class=\"alignnone size-thumbnail wp-image-2268\" title=\"&lt;i&gt;Petromarula pinnata&lt;\/i&gt;, Greece (Crete Island) - Rethymno in 13.march.2010\" src=\"http:\/\/cosmln.nature4stock.com\/wp-content\/uploads\/2010\/05\/Petromarula-pinnata-IMG_3980-150x150.jpg\" alt=\"\" width=\"150\" height=\"150\" \/><\/a><\/p>\n<p style=\"text-align: left;\"><em><a href=\"http:\/\/plants.nature4stock.com\/?page_id=2347\" target=\"_self\">Silene sedoides<\/a><\/em> Poir. &#8211; nu este endemic\u0103 sau ceva de genu dar este extrem de interesant\u0103 prin dimensiunea ei &#8220;uria\u0219\u0103&#8221; &#8211; 2-3 cm<\/p>\n<p style=\"text-align: center;\"><a href=\"http:\/\/cosmln.nature4stock.com\/wp-content\/uploads\/2010\/05\/Silene-sedoides-IMG_3578.jpg\"><img loading=\"lazy\" class=\"alignnone size-thumbnail wp-image-2271\" title=\"&lt;i&gt;Silene sedoides&lt;\/i&gt;, Greece (Crete Island) - near Gialos in 12.march.2010\" src=\"http:\/\/cosmln.nature4stock.com\/wp-content\/uploads\/2010\/05\/Silene-sedoides-IMG_3578-150x150.jpg\" alt=\"\" width=\"150\" height=\"150\" \/><\/a> <a href=\"http:\/\/cosmln.nature4stock.com\/wp-content\/uploads\/2010\/05\/Silene-sedoides-IMG_3575.jpg\"><img loading=\"lazy\" class=\"alignnone size-thumbnail wp-image-2270\" title=\"&lt;i&gt;Silene sedoides&lt;\/i&gt;, Greece (Crete Island) - near Gialos in 12.march.2010\" src=\"http:\/\/cosmln.nature4stock.com\/wp-content\/uploads\/2010\/05\/Silene-sedoides-IMG_3575-150x150.jpg\" alt=\"\" width=\"150\" height=\"150\" \/><\/a><\/p>\n<p style=\"text-align: left;\"><em><a href=\"http:\/\/plants.nature4stock.com\/?page_id=2127\" target=\"_self\">Bellis longifolia<\/a><\/em> Boiss. &amp; Heldr. &#8211; endemism al insulei Creta, caracteristice sunt frunzele din\u021bate pe margini, observat\u0103 la altitudini mari (peste 1000 m)<\/p>\n<p style=\"text-align: center;\"><a href=\"http:\/\/cosmln.nature4stock.com\/wp-content\/uploads\/2010\/05\/Bellis-longifolia-IMG_2986.jpg\"><img loading=\"lazy\" class=\"alignnone size-thumbnail wp-image-2272\" title=\"&lt;i&gt;Bellis longifolia&lt;\/i&gt;, Greece (Crete Island) - Nida Plateau in 10.march.2010\" src=\"http:\/\/cosmln.nature4stock.com\/wp-content\/uploads\/2010\/05\/Bellis-longifolia-IMG_2986-150x150.jpg\" alt=\"\" width=\"150\" height=\"150\" \/><\/a> <a href=\"http:\/\/cosmln.nature4stock.com\/wp-content\/uploads\/2010\/05\/Bellis-longifolia-IMG_2990.jpg\"><img loading=\"lazy\" class=\"alignnone size-thumbnail wp-image-2273\" title=\"&lt;i&gt;Bellis longifolia&lt;\/i&gt;, Greece (Crete Island) - Nida Plateau in 10.march.2010\" src=\"http:\/\/cosmln.nature4stock.com\/wp-content\/uploads\/2010\/05\/Bellis-longifolia-IMG_2990-150x150.jpg\" alt=\"\" width=\"150\" height=\"150\" \/><\/a><\/p>\n<p style=\"text-align: left;\"><em><a href=\"http:\/\/plants.nature4stock.com\/?page_id=1413\" target=\"_self\">Bryonia cretica<\/a><\/em> L. &#8211; endemism grecesc, aten\u021bie este otr\u0103vitoare<\/p>\n<p style=\"text-align: center;\"><a href=\"http:\/\/cosmln.nature4stock.com\/wp-content\/uploads\/2010\/05\/Bryonia-cretica-IMG_1197.jpg\"><img loading=\"lazy\" class=\"alignnone size-thumbnail wp-image-2274\" title=\"&lt;i&gt;Bryonia cretica&lt;\/i&gt;, Greece (Crete Island) - near Aptera in 4.march.2010\" src=\"http:\/\/cosmln.nature4stock.com\/wp-content\/uploads\/2010\/05\/Bryonia-cretica-IMG_1197-150x150.jpg\" alt=\"\" width=\"150\" height=\"150\" \/><\/a> <a href=\"http:\/\/cosmln.nature4stock.com\/wp-content\/uploads\/2010\/05\/Bryonia-cretica-IMG_1200.jpg\"><img loading=\"lazy\" class=\"alignnone size-thumbnail wp-image-2275\" title=\"&lt;i&gt;Bryonia cretica&lt;\/i&gt;, Greece (Crete Island) - near Aptera in 4.march.2010\" src=\"http:\/\/cosmln.nature4stock.com\/wp-content\/uploads\/2010\/05\/Bryonia-cretica-IMG_1200-150x150.jpg\" alt=\"\" width=\"150\" height=\"150\" \/><\/a><\/p>\n<p style=\"text-align: left;\"><em><a href=\"http:\/\/plants.nature4stock.com\/?page_id=2090\" target=\"_self\">Euphorbia acanthothamnos<\/a><\/em> Heldr. &amp; Sart. ex Boiss. &#8211; endemism grecesc, specie comun\u0103 prin locuri st\u00e2ncoase uneori acopera coaste \u00eentregi si datorit\u0103 spinilor destul de dureros de mers prin ea \ud83d\ude42<\/p>\n<p style=\"text-align: center;\"><a href=\"http:\/\/cosmln.nature4stock.com\/wp-content\/uploads\/2010\/05\/Euphorbia-acanthothamnos-IMG_2772.jpg\"><img loading=\"lazy\" class=\"alignnone size-thumbnail wp-image-2277\" title=\"&lt;i&gt;Euphorbia acanthothamnos&lt;\/i&gt;, Greece (Crete Island) - near Roussapidia in 9.march.2010\" src=\"http:\/\/cosmln.nature4stock.com\/wp-content\/uploads\/2010\/05\/Euphorbia-acanthothamnos-IMG_2772-150x150.jpg\" alt=\"\" width=\"150\" height=\"150\" \/><\/a> <a href=\"http:\/\/cosmln.nature4stock.com\/wp-content\/uploads\/2010\/05\/Euphorbia-acanthothamnos-IMG_2770.jpg\"><img loading=\"lazy\" class=\"alignnone size-thumbnail wp-image-2276\" title=\"&lt;i&gt;Euphorbia acanthothamnos&lt;\/i&gt;, Greece (Crete Island) - near Roussapidia in 9.march.2010\" src=\"http:\/\/cosmln.nature4stock.com\/wp-content\/uploads\/2010\/05\/Euphorbia-acanthothamnos-IMG_2770-150x150.jpg\" alt=\"\" width=\"150\" height=\"150\" \/><\/a><\/p>\n<p style=\"text-align: left;\"><em><a href=\"http:\/\/plants.nature4stock.com\/?page_id=1096\" target=\"_self\">Euphorbia dendroides<\/a><\/em> L. &#8211; o specie comun\u0103 \u00een zona mediteranean\u0103 (eu am v\u0103zuto \u00een Grecia, Croa\u021bia, Italia, Fran\u021ba) dar superb\u0103, coastele uneori sunt galbene \u00een prim\u0103var\u0103-var\u0103 din cauza florilor<\/p>\n<p style=\"text-align: center;\"><a href=\"http:\/\/cosmln.nature4stock.com\/wp-content\/uploads\/2010\/05\/Euphorbia-dendroides-IMG_3773.jpg\"><img loading=\"lazy\" class=\"alignnone size-thumbnail wp-image-2278\" title=\"&lt;i&gt;Euphorbia dendroides&lt;\/i&gt;, Greece (Crete Island) - near Trachilos in 13.march.2010\" src=\"http:\/\/cosmln.nature4stock.com\/wp-content\/uploads\/2010\/05\/Euphorbia-dendroides-IMG_3773-150x150.jpg\" alt=\"\" width=\"150\" height=\"150\" \/><\/a> <a href=\"http:\/\/cosmln.nature4stock.com\/wp-content\/uploads\/2010\/05\/Euphorbia-dendroides-IMG_3769.jpg\"><img loading=\"lazy\" class=\"alignnone size-thumbnail wp-image-2280\" title=\"&lt;i&gt;Euphorbia dendroides&lt;\/i&gt;, Greece (Crete Island) - near Trachilos in 13.march.2010\" src=\"http:\/\/cosmln.nature4stock.com\/wp-content\/uploads\/2010\/05\/Euphorbia-dendroides-IMG_3769-150x150.jpg\" alt=\"\" width=\"150\" height=\"150\" \/><\/a><\/p>\n<p style=\"text-align: left;\"><em><a href=\"http:\/\/plants.nature4stock.com\/?page_id=2020\" target=\"_self\">Phlomis lanata<\/a><\/em> Willd. &#8211; specie endemic\u0103 Cretei, u\u0219or de deosebit de restul speciilor cu flori galbene (\u00eenc\u0103 dou\u0103 pe acolo) prin florile mai mici \u0219i frunzele mici \u0219i ovate (sau aproape rotunde)<\/p>\n<p style=\"text-align: center;\"><a href=\"http:\/\/cosmln.nature4stock.com\/wp-content\/uploads\/2010\/05\/Phlomis-lanata-IMG_2686.jpg\"><img loading=\"lazy\" class=\"alignnone size-thumbnail wp-image-2281\" title=\"&lt;i&gt;Phlomis lanata&lt;\/i&gt;, Greece (Crete Island) - Spinalonga Islet in 9.march.2010\" src=\"http:\/\/cosmln.nature4stock.com\/wp-content\/uploads\/2010\/05\/Phlomis-lanata-IMG_2686-150x150.jpg\" alt=\"\" width=\"150\" height=\"150\" \/><\/a> <a href=\"http:\/\/cosmln.nature4stock.com\/wp-content\/uploads\/2010\/05\/Phlomis-lanata-IMG_2689.jpg\"><img loading=\"lazy\" class=\"alignnone size-thumbnail wp-image-2282\" title=\"&lt;i&gt;Phlomis lanata&lt;\/i&gt;, Greece (Crete Island) - Spinalonga Islet in 9.march.2010\" src=\"http:\/\/cosmln.nature4stock.com\/wp-content\/uploads\/2010\/05\/Phlomis-lanata-IMG_2689-150x150.jpg\" alt=\"\" width=\"150\" height=\"150\" \/><\/a><\/p>\n<p style=\"text-align: left;\"><em><a href=\"http:\/\/plants.nature4stock.com\/?page_id=1680\" target=\"_self\">Ebenus cretica<\/a><\/em> L. &#8211; specie endemic\u0103 \u00een Creta, de multe ori acoper\u0103 pante \u00eentregi cre\u00e2nd un peisaj superb c\u00e2nd este \u00een floare<\/p>\n<p style=\"text-align: center;\"><a href=\"http:\/\/cosmln.nature4stock.com\/wp-content\/uploads\/2010\/05\/Ebenus-cretica-IMG_2098.jpg\"><img loading=\"lazy\" class=\"alignnone size-thumbnail wp-image-2283\" title=\"&lt;i&gt;Ebenus cretica&lt;\/i&gt;, Greece (Crete Island) - Neos Myrthos in 6.march.2010\" src=\"http:\/\/cosmln.nature4stock.com\/wp-content\/uploads\/2010\/05\/Ebenus-cretica-IMG_2098-150x150.jpg\" alt=\"\" width=\"150\" height=\"150\" \/><\/a> <a href=\"http:\/\/cosmln.nature4stock.com\/wp-content\/uploads\/2010\/05\/Ebenus-cretica-IMG_2099.jpg\"><img loading=\"lazy\" class=\"alignnone size-thumbnail wp-image-2284\" title=\"&lt;i&gt;Ebenus cretica&lt;\/i&gt;, Greece (Crete Island) - Neos Myrthos in 6.march.2010\" src=\"http:\/\/cosmln.nature4stock.com\/wp-content\/uploads\/2010\/05\/Ebenus-cretica-IMG_2099-150x150.jpg\" alt=\"\" width=\"150\" height=\"150\" \/><\/a><\/p>\n<p style=\"text-align: left;\"><em><a href=\"http:\/\/plants.nature4stock.com\/?page_id=2147\" target=\"_self\">Corydalis uniflora<\/a><\/em> (Sieber) Nyman &#8211; o specie mic\u0103, endemism cretan, de obicei ascuns\u0103 printre diferite alte plante, de g\u0103sit la altitudine mare<\/p>\n<p style=\"text-align: center;\"><a href=\"http:\/\/cosmln.nature4stock.com\/wp-content\/uploads\/2010\/05\/Corydalis-uniflora-IMG_2914.jpg\"><img loading=\"lazy\" class=\"alignnone size-thumbnail wp-image-2285\" title=\"&lt;i&gt;Corydalis uniflora&lt;\/i&gt;, Greece (Crete Island) - Nida Plateau in 10.march.2010\" src=\"http:\/\/cosmln.nature4stock.com\/wp-content\/uploads\/2010\/05\/Corydalis-uniflora-IMG_2914-150x150.jpg\" alt=\"\" width=\"150\" height=\"150\" \/><\/a> <a href=\"http:\/\/cosmln.nature4stock.com\/wp-content\/uploads\/2010\/05\/Corydalis-uniflora-IMG_2963.jpg\"><img loading=\"lazy\" class=\"alignnone size-thumbnail wp-image-2286\" title=\"&lt;i&gt;Corydalis uniflora&lt;\/i&gt;, Greece (Crete Island) - Nida Plateau in 10.march.2010\" src=\"http:\/\/cosmln.nature4stock.com\/wp-content\/uploads\/2010\/05\/Corydalis-uniflora-IMG_2963-150x150.jpg\" alt=\"\" width=\"150\" height=\"150\" \/><\/a><\/p>\n<p style=\"text-align: left;\"><em><a href=\"http:\/\/plants.nature4stock.com\/?page_id=1621\" target=\"_self\">Anemone hortensis<\/a><\/em> L. &#8211; \u00een Creta \u0219i Karpathos prin subspecia endemic\u0103 <em>heldreichii<\/em><\/p>\n<p style=\"text-align: center;\"><a href=\"http:\/\/cosmln.nature4stock.com\/wp-content\/uploads\/2010\/05\/Anemone-hortensis-IMG_1904.jpg\"><img loading=\"lazy\" class=\"alignnone size-thumbnail wp-image-2287\" title=\"&lt;i&gt;Anemone hortensis&lt;\/i&gt;, Greece (Crete Island) - near Miamou in 6.march.2010\" src=\"http:\/\/cosmln.nature4stock.com\/wp-content\/uploads\/2010\/05\/Anemone-hortensis-IMG_1904-150x150.jpg\" alt=\"\" width=\"150\" height=\"150\" \/><\/a> <a href=\"http:\/\/cosmln.nature4stock.com\/wp-content\/uploads\/2010\/05\/Anemone-hortensis-IMG_1912.jpg\"><img loading=\"lazy\" class=\"alignnone size-thumbnail wp-image-2288\" title=\"&lt;i&gt;Anemone hortensis&lt;\/i&gt;, Greece (Crete Island) - near Miamou in 6.march.2010\" src=\"http:\/\/cosmln.nature4stock.com\/wp-content\/uploads\/2010\/05\/Anemone-hortensis-IMG_1912-150x150.jpg\" alt=\"\" width=\"150\" height=\"150\" \/><\/a><\/p>\n<p style=\"text-align: left;\"><em><a href=\"http:\/\/plants.nature4stock.com\/?page_id=1922\" target=\"_self\">Ranunculus cupreus<\/a><\/em> Boiss. &amp; Heldr. &#8211; din nou endemisc cretan, u\u0219or de deosebit c\u00e2nd este \u00een floare deoarece dosul petalelor este de culoare ro\u0219ie (dup\u0103 cum \u00eei spune \u0219i numele), de g\u0103sit prin locuri pietroase mai ales la altitudini mai mari<\/p>\n<p style=\"text-align: center;\"><a href=\"http:\/\/cosmln.nature4stock.com\/wp-content\/uploads\/2010\/05\/Ranunculus-cupreus-IMG_2560.jpg\"><img loading=\"lazy\" class=\"alignnone size-thumbnail wp-image-2289\" title=\"&lt;i&gt;Ranunculus cupreus&lt;\/i&gt;, Greece (Crete Island) - near Orino in 8.march.2010\" src=\"http:\/\/cosmln.nature4stock.com\/wp-content\/uploads\/2010\/05\/Ranunculus-cupreus-IMG_2560-150x150.jpg\" alt=\"\" width=\"150\" height=\"150\" \/><\/a> <a href=\"http:\/\/cosmln.nature4stock.com\/wp-content\/uploads\/2010\/05\/Ranunculus-cupreus-IMG_2562.jpg\"><img loading=\"lazy\" class=\"alignnone size-thumbnail wp-image-2290\" title=\"&lt;i&gt;Ranunculus cupreus&lt;\/i&gt;, Greece (Crete Island) - near Orino in 8.march.2010\" src=\"http:\/\/cosmln.nature4stock.com\/wp-content\/uploads\/2010\/05\/Ranunculus-cupreus-IMG_2562-150x150.jpg\" alt=\"\" width=\"150\" height=\"150\" \/><\/a><\/p>\n<p style=\"text-align: left;\"><em><a href=\"http:\/\/plants.nature4stock.com\/?page_id=1580\" target=\"_self\">Bellardia trixago<\/a><\/em> (L.) All. &#8211; specie comun\u0103 dar cu un aspect interesant, o specie semiparazit\u0103<\/p>\n<p style=\"text-align: center;\"><a href=\"http:\/\/cosmln.nature4stock.com\/wp-content\/uploads\/2010\/05\/Bellardia-trixago-IMG_2199.jpg\"><img loading=\"lazy\" class=\"alignnone size-thumbnail wp-image-2292\" title=\"&lt;i&gt;Bellardia trixago&lt;\/i&gt;, Greece (Crete Island) - near Kamaro in 7.march.2010\" src=\"http:\/\/cosmln.nature4stock.com\/wp-content\/uploads\/2010\/05\/Bellardia-trixago-IMG_2199-150x150.jpg\" alt=\"\" width=\"150\" height=\"150\" \/><\/a> <a href=\"http:\/\/cosmln.nature4stock.com\/wp-content\/uploads\/2010\/05\/Bellardia-trixago-IMG_2128.jpg\"><img loading=\"lazy\" class=\"alignnone size-thumbnail wp-image-2291\" title=\"&lt;i&gt;Bellardia trixago&lt;\/i&gt;, Greece (Crete Island) - near Kamaro in 7.march.2010\" src=\"http:\/\/cosmln.nature4stock.com\/wp-content\/uploads\/2010\/05\/Bellardia-trixago-IMG_2128-150x150.jpg\" alt=\"\" width=\"150\" height=\"150\" \/><\/a><\/p>\n<p style=\"text-align: left;\"><em><a href=\"http:\/\/plants.nature4stock.com\/?page_id=1754\" target=\"_self\">Valeriana asarifolia<\/a><\/em> Dufr. &#8211; endemic\u0103, florile au un miros puternic \u0219i pl\u0103cut (ca multe valerianacee de altfel)<\/p>\n<p style=\"text-align: center;\"><a href=\"http:\/\/cosmln.nature4stock.com\/wp-content\/uploads\/2010\/05\/Valeriana-asarifolia-IMG_2203.jpg\"><img loading=\"lazy\" class=\"alignnone size-thumbnail wp-image-2293\" title=\"&lt;i&gt;Valeriana asarifolia&lt;\/i&gt;, Greece (Crete Island) - near Prina in 7.march.2010\" src=\"http:\/\/cosmln.nature4stock.com\/wp-content\/uploads\/2010\/05\/Valeriana-asarifolia-IMG_2203-150x150.jpg\" alt=\"\" width=\"150\" height=\"150\" \/><\/a> <a href=\"http:\/\/cosmln.nature4stock.com\/wp-content\/uploads\/2010\/05\/Valeriana-asarifolia-IMG_2206.jpg\"><img loading=\"lazy\" class=\"alignnone size-thumbnail wp-image-2294\" title=\"&lt;i&gt;Valeriana asarifolia&lt;\/i&gt;, Greece (Crete Island) - near Prina in 7.march.2010\" src=\"http:\/\/cosmln.nature4stock.com\/wp-content\/uploads\/2010\/05\/Valeriana-asarifolia-IMG_2206-150x150.jpg\" alt=\"\" width=\"150\" height=\"150\" \/><\/a><\/p>\n<p style=\"text-align: left;\"><em><a href=\"http:\/\/plants.nature4stock.com\/?page_id=1849\" target=\"_self\">Viola scorpiuroides<\/a><\/em> Coss. &#8211; o specie rar\u0103, g\u0103sit\u0103 prin locuri st\u00e2ncoase de l\u00e2ng\u0103 mare unde atmosfera este umplut\u0103 de parfumul florilor<\/p>\n<p style=\"text-align: center;\"><a href=\"http:\/\/cosmln.nature4stock.com\/wp-content\/uploads\/2010\/05\/Viola-scorpiuroides-IMG_2377.jpg\"><img loading=\"lazy\" class=\"alignnone size-thumbnail wp-image-2295\" title=\"&lt;i&gt;Viola scorpiuroides&lt;\/i&gt;, Greece (Crete Island) - near Vai in 8.march.2010\" src=\"http:\/\/cosmln.nature4stock.com\/wp-content\/uploads\/2010\/05\/Viola-scorpiuroides-IMG_2377-150x150.jpg\" alt=\"\" width=\"150\" height=\"150\" \/><\/a> <a href=\"http:\/\/cosmln.nature4stock.com\/wp-content\/uploads\/2010\/05\/Viola-scorpiuroides-IMG_2383.jpg\"><img loading=\"lazy\" class=\"alignnone size-thumbnail wp-image-2296\" title=\"&lt;i&gt;Viola scorpiuroides&lt;\/i&gt;, Greece (Crete Island) - near Vai in 8.march.2010\" src=\"http:\/\/cosmln.nature4stock.com\/wp-content\/uploads\/2010\/05\/Viola-scorpiuroides-IMG_2383-150x150.jpg\" alt=\"\" width=\"150\" height=\"150\" \/><\/a><\/p>\n<p style=\"text-align: left;\"><em><a href=\"http:\/\/plants.nature4stock.com\/?page_id=1560\" target=\"_self\">Arum creticum<\/a><\/em> Boiss. &amp; Heldr. &#8211; din nou o specie endemic\u0103 insulelor Creta \u0219i Karpathos, uneori \u00een num\u0103r mare fiind impresionant\u0103<\/p>\n<p style=\"text-align: center;\"><a href=\"http:\/\/cosmln.nature4stock.com\/wp-content\/uploads\/2010\/05\/Arum-creticum-IMG_2299.jpg\"><img loading=\"lazy\" class=\"alignnone size-thumbnail wp-image-2297\" title=\"&lt;i&gt;Arum creticum&lt;\/i&gt;, Greece (Crete Island) - near Karydi in 7.march.2010\" src=\"http:\/\/cosmln.nature4stock.com\/wp-content\/uploads\/2010\/05\/Arum-creticum-IMG_2299-150x150.jpg\" alt=\"\" width=\"150\" height=\"150\" \/><\/a> <a href=\"http:\/\/cosmln.nature4stock.com\/wp-content\/uploads\/2010\/05\/Arum-creticum-IMG_2314.jpg\"><img loading=\"lazy\" class=\"alignnone size-thumbnail wp-image-2298\" title=\"&lt;i&gt;Arum creticum&lt;\/i&gt;, Greece (Crete Island) - near Karydi in 7.march.2010\" src=\"http:\/\/cosmln.nature4stock.com\/wp-content\/uploads\/2010\/05\/Arum-creticum-IMG_2314-150x150.jpg\" alt=\"\" width=\"150\" height=\"150\" \/><\/a><\/p>\n<p style=\"text-align: left;\"><em><a href=\"http:\/\/plants.nature4stock.com\/?page_id=602\" target=\"_self\">Iris unguicularis<\/a><\/em> Poir. &#8211; o specie comun\u0103 \u00een Grecia, plantele din Creta sunt considerate de unii autori ca fiind o specie diferit\u0103 <em>Iris cretensis<\/em> (pe bun\u0103 dreptate as spune pentru c\u0103 mie personal plantele \u00eemi par foarte diferite&#8230; le pute\u021bi vedea \u0219i compara la pagina speciei)<\/p>\n<p style=\"text-align: center;\"><a href=\"http:\/\/cosmln.nature4stock.com\/wp-content\/uploads\/2010\/05\/Iris-unguicularis-IMG_2034.jpg\"><img loading=\"lazy\" class=\"alignnone size-thumbnail wp-image-2299\" title=\"&lt;i&gt;Iris unguicularis&lt;\/i&gt;, Greece (Crete Island) - near Mesi in 6.march.2010\" src=\"http:\/\/cosmln.nature4stock.com\/wp-content\/uploads\/2010\/05\/Iris-unguicularis-IMG_2034-150x150.jpg\" alt=\"\" width=\"150\" height=\"150\" \/><\/a> <a href=\"http:\/\/cosmln.nature4stock.com\/wp-content\/uploads\/2010\/05\/Iris-unguicularis-IMG_2036.jpg\"><img loading=\"lazy\" class=\"alignnone size-thumbnail wp-image-2300\" title=\"&lt;i&gt;Iris unguicularis&lt;\/i&gt;, Greece (Crete Island) - near Mesi in 6.march.2010\" src=\"http:\/\/cosmln.nature4stock.com\/wp-content\/uploads\/2010\/05\/Iris-unguicularis-IMG_2036-150x150.jpg\" alt=\"\" width=\"150\" height=\"150\" \/><\/a><\/p>\n<p style=\"text-align: left;\"><em><a href=\"http:\/\/plants.nature4stock.com\/?page_id=2133\" target=\"_self\">Chionodoxa nana<\/a><\/em> (Schult. &amp; Schult.f.) Boiss. &amp; Heldr. &#8211; o plant\u0103 delicat\u0103, endemism cretan, care poate fi g\u0103sit\u0103 \u00een zona alpin\u0103 a mun\u021bilor (de la circa 1300 m \u00een sus)<\/p>\n<p style=\"text-align: center;\"><a href=\"http:\/\/cosmln.nature4stock.com\/wp-content\/uploads\/2010\/05\/Chionodoxa-nana-IMG_2912.jpg\"><img loading=\"lazy\" class=\"alignnone size-thumbnail wp-image-2301\" title=\"&lt;i&gt;Chionodoxa nana&lt;\/i&gt;, Greece (Crete Island) - Nida Plateau in 10.march.2010\" src=\"http:\/\/cosmln.nature4stock.com\/wp-content\/uploads\/2010\/05\/Chionodoxa-nana-IMG_2912-150x150.jpg\" alt=\"\" width=\"150\" height=\"150\" \/><\/a> <a href=\"http:\/\/cosmln.nature4stock.com\/wp-content\/uploads\/2010\/05\/Chionodoxa-nana-IMG_2960.jpg\"><img loading=\"lazy\" class=\"alignnone size-thumbnail wp-image-2302\" title=\"&lt;i&gt;Chionodoxa nana&lt;\/i&gt;, Greece (Crete Island) - Nida Plateau in 10.march.2010\" src=\"http:\/\/cosmln.nature4stock.com\/wp-content\/uploads\/2010\/05\/Chionodoxa-nana-IMG_2960-150x150.jpg\" alt=\"\" width=\"150\" height=\"150\" \/><\/a><\/p>\n<p style=\"text-align: left;\"><em><a href=\"http:\/\/plants.nature4stock.com\/?page_id=2220\" target=\"_self\">Tulipa bakeri<\/a><\/em> A.D.Hall &#8211; specie endemic\u0103, \u00een platoul Omalos formeaz\u0103 uneori adev\u0103rate covoare care \u00eempreun\u0103 cu mun\u021bii din jur dau ni\u0219te peisaje superbe (sunt superbe \u0219i f\u0103r\u0103 ea), din p\u0103cate c\u00e2nd am ajuns acolo abia \u00eencepuse s\u0103 \u00eenfloreasc\u0103<\/p>\n<p style=\"text-align: center;\"><a href=\"http:\/\/cosmln.nature4stock.com\/wp-content\/uploads\/2010\/05\/Tulipa-bakeri-IMG_3042.jpg\"><img loading=\"lazy\" class=\"alignnone size-thumbnail wp-image-2303\" title=\"&lt;i&gt;Tulipa bakeri&lt;\/i&gt;, Greece (Crete Island) - Omalos Plateau in 11.march.2010\" src=\"http:\/\/cosmln.nature4stock.com\/wp-content\/uploads\/2010\/05\/Tulipa-bakeri-IMG_3042-150x150.jpg\" alt=\"\" width=\"150\" height=\"150\" \/><\/a> <a href=\"http:\/\/cosmln.nature4stock.com\/wp-content\/uploads\/2010\/05\/Tulipa-bakeri-IMG_3043.jpg\"><img loading=\"lazy\" class=\"alignnone size-thumbnail wp-image-2304\" title=\"&lt;i&gt;Tulipa bakeri&lt;\/i&gt;, Greece (Crete Island) - Omalos Plateau in 11.march.2010\" src=\"http:\/\/cosmln.nature4stock.com\/wp-content\/uploads\/2010\/05\/Tulipa-bakeri-IMG_3043-150x150.jpg\" alt=\"\" width=\"150\" height=\"150\" \/><\/a><\/p>\n<p style=\"text-align: left;\"><em><a href=\"http:\/\/plants.nature4stock.com\/?page_id=1525\" target=\"_self\">Tulipa cretica<\/a><\/em> Boiss. &amp; Heldr. &#8211; specie endemic\u0103, larg r\u0103sp\u00e2ndit\u0103 (dar rar\u0103) la altitudini mici mai ales pe l\u00e2ng\u0103 mare (\u00een locuri st\u00e2ncoase)<\/p>\n<p style=\"text-align: center;\"><a href=\"http:\/\/cosmln.nature4stock.com\/wp-content\/uploads\/2010\/05\/Tulipa-cretica-IMG_1460.jpg\"><img loading=\"lazy\" class=\"alignnone size-thumbnail wp-image-2305\" title=\"&lt;i&gt;Tulipa cretica&lt;\/i&gt;, Greece (Crete Island) - Preveli in 5.march.2010\" src=\"http:\/\/cosmln.nature4stock.com\/wp-content\/uploads\/2010\/05\/Tulipa-cretica-IMG_1460-150x150.jpg\" alt=\"\" width=\"150\" height=\"150\" \/><\/a> <a href=\"http:\/\/cosmln.nature4stock.com\/wp-content\/uploads\/2010\/05\/Tulipa-cretica-IMG_1465.jpg\"><img loading=\"lazy\" class=\"alignnone size-thumbnail wp-image-2306\" title=\"&lt;i&gt;Tulipa cretica&lt;\/i&gt;, Greece (Crete Island) - Preveli in 5.march.2010\" src=\"http:\/\/cosmln.nature4stock.com\/wp-content\/uploads\/2010\/05\/Tulipa-cretica-IMG_1465-150x150.jpg\" alt=\"\" width=\"150\" height=\"150\" \/><\/a><\/p>\n<p style=\"text-align: left;\"><em><a href=\"http:\/\/plants.nature4stock.com\/?page_id=1520\" target=\"_self\">Phoenix theophrasti<\/a><\/em> Greuter &#8211; o alt\u0103 specie endemic\u0103 (\u0219i ultima \ud83d\ude42 ), v\u0103 sugerez s\u0103 vede\u021bi popula\u021bia de la Preveli fiind mai salbatic\u0103 (\u0219i mult mai mic\u0103 comparativ cu cea de la Vai)<\/p>\n<p style=\"text-align: center;\"><a href=\"http:\/\/cosmln.nature4stock.com\/wp-content\/uploads\/2010\/05\/Phoenix-theophrasti-IMG_1453.jpg\"><img loading=\"lazy\" class=\"alignnone size-thumbnail wp-image-2307\" title=\"&lt;i&gt;Phoenix theophrasti&lt;\/i&gt;, Greece (Crete Island) - Preveli in 5.march.2010\" src=\"http:\/\/cosmln.nature4stock.com\/wp-content\/uploads\/2010\/05\/Phoenix-theophrasti-IMG_1453-150x150.jpg\" alt=\"\" width=\"150\" height=\"150\" \/><\/a> <a href=\"http:\/\/cosmln.nature4stock.com\/wp-content\/uploads\/2010\/05\/Phoenix-theophrasti-IMG_1474.jpg\"><img loading=\"lazy\" class=\"alignnone size-thumbnail wp-image-2308\" title=\"&lt;i&gt;Phoenix theophrasti&lt;\/i&gt;, Greece (Crete Island) - Preveli in 5.march.2010\" src=\"http:\/\/cosmln.nature4stock.com\/wp-content\/uploads\/2010\/05\/Phoenix-theophrasti-IMG_1474-150x150.jpg\" alt=\"\" width=\"150\" height=\"150\" \/><\/a><\/p>\n<p style=\"text-align: left;\">\u0218i cam at\u00e2t&#8230; or s\u0103 vin\u0103 \u0219i orhideele c\u00e2t de cur\u00e2nd \ud83d\ude09 \u00a0.<\/p>\n<!-- AddThis Advanced Settings generic via filter on the_content --><!-- AddThis Share Buttons generic via filter on the_content -->","protected":false},"excerpt":{"rendered":"<p>Pentru c\u0103 iar este pauz\u0103 pe aici am zis s\u0103 mai adaug c\u00e2te ceva&#8230; un album foto cu plante fotografiate \u00een Creta (except\u00e2nd orhideele care vor ap\u0103rea \u00eentr-o alt\u0103 postare). Voi pune aici mai mult specii endemice Cretei sau care mi s-au p\u0103rut mie mai interesante. Link-ul de la fiecare nume v\u0103 duce la pagina [&hellip;]<!-- AddThis Advanced Settings generic via filter on get_the_excerpt --><!-- AddThis Share Buttons generic via filter on get_the_excerpt --><\/p>\n","protected":false},"author":2277,"featured_media":0,"comment_status":"open","ping_status":"open","sticky":false,"template":"","format":"standard","meta":[],"categories":[1234,16,906],"tags":[1651,1092,1608,1290,1305,1302,1294,1295,1308,1299,1278,1285,1307,1298,1288,1289,1296,1075,1287,515,295,1590,1300,1306,1286,907,1642,1292,1297,1312,168,1611,1291,62,1301,1309,1293,1310,1311,1303,1304],"_links":{"self":[{"href":"https:\/\/cosmln.nature4stock.com\/index.php?rest_route=\/wp\/v2\/posts\/2262"}],"collection":[{"href":"https:\/\/cosmln.nature4stock.com\/index.php?rest_route=\/wp\/v2\/posts"}],"about":[{"href":"https:\/\/cosmln.nature4stock.com\/index.php?rest_route=\/wp\/v2\/types\/post"}],"author":[{"embeddable":true,"href":"https:\/\/cosmln.nature4stock.com\/index.php?rest_route=\/wp\/v2\/users\/2277"}],"replies":[{"embeddable":true,"href":"https:\/\/cosmln.nature4stock.com\/index.php?rest_route=%2Fwp%2Fv2%2Fcomments&post=2262"}],"version-history":[{"count":5,"href":"https:\/\/cosmln.nature4stock.com\/index.php?rest_route=\/wp\/v2\/posts\/2262\/revisions"}],"predecessor-version":[{"id":2311,"href":"https:\/\/cosmln.nature4stock.com\/index.php?rest_route=\/wp\/v2\/posts\/2262\/revisions\/2311"}],"wp:attachment":[{"href":"https:\/\/cosmln.nature4stock.com\/index.php?rest_route=%2Fwp%2Fv2%2Fmedia&parent=2262"}],"wp:term":[{"taxonomy":"category","embeddable":true,"href":"https:\/\/cosmln.nature4stock.com\/index.php?rest_route=%2Fwp%2Fv2%2Fcategories&post=2262"},{"taxonomy":"post_tag","embeddable":true,"href":"https:\/\/cosmln.nature4stock.com\/index.php?rest_route=%2Fwp%2Fv2%2Ftags&post=2262"}],"curies":[{"name":"wp","href":"https:\/\/api.w.org\/{rel}","templated":true}]}}